{"id":7647,"date":"2012-02-11T07:56:00","date_gmt":"2012-02-11T06:56:00","guid":{"rendered":""},"modified":"2024-11-12T14:35:31","modified_gmt":"2024-11-12T13:35:31","slug":"anuncios","status":"publish","type":"post","link":"https:\/\/blogs.amarinha.gal\/ribadeando\/2012\/02\/11\/anuncios\/","title":{"rendered":"Anuncios"},"content":{"rendered":"<p><em>Inxerencia! <\/em>Inxerencia? <a href=\"http:\/\/www.publico.es\/espana\/421451\/la-onu-da-la-razon-a-garzon-y-pide-investigar-el-franquismo\" target=\"_blank\" rel=\"noopener\">A ONU pide a Espa\u00f1a m\u00e1is seriedade despois do de Garz\u00f3n<\/a>. Non \u00e9 que crea que na ONU non hai intereses e xerarqu\u00eda de mando, pero non deixa de ser outro indicio m\u00e1is (se fixera falta) de que algo non funciona por estes lares xudiciais (e pol\u00edticos, e econ\u00f3micos, &#8230;)<\/p>\n<p>Materia para reflexionar a fin de semana? Por se fora pouco, deixo unha imaxe:<\/p>\n<p><a href=\"https:\/\/blogger.googleusercontent.com\/img\/b\/R29vZ2xl\/AVvXsEhAArQwzqjhw9FnAI5CM82FHYmvlWJPGIPDNKmNwww0QpidazOJq-hTH_QVyEiDfDI4uCznV-V7IF86D8MxkQ5MVme69vbGJuT7YzZU6b1xlb19lOM96bJIcX_IrrZFxfze_U88kQ\/s2048\/anuncios.jpg\" imageanchor=\"1\" style=\"margin-left: 1em; margin-right: 1em;\"><img loading=\"lazy\" decoding=\"async\" height=\"618\" src=\"https:\/\/blogger.googleusercontent.com\/img\/b\/R29vZ2xl\/AVvXsEhAArQwzqjhw9FnAI5CM82FHYmvlWJPGIPDNKmNwww0QpidazOJq-hTH_QVyEiDfDI4uCznV-V7IF86D8MxkQ5MVme69vbGJuT7YzZU6b1xlb19lOM96bJIcX_IrrZFxfze_U88kQ\/s2048\/anuncios.jpg\" width=\"640\" \/><\/a><\/p>\n<p>Tr\u00e1tase do taboeiro de anuncios do Eroski de Ribadeo. De cando en vez, facendo algo de tempo, b\u00f3tolle unha ollada as compras e vendas, ofertas e demandas de traballo. Coido que \u00e9 a primeira vez (e o taboeiro est\u00e1 funcionando dende a apertura do establecemento) que non atopo ningunha procura de compra nin demanda de traballo. Dende hai tempo hai un predominio cada vez maior de ofertas e vendas, pero ata hoxe non notara que desapareceran as demandas e compras. Coido que \u00e9 algo abondo expresivo por si mesmo, cami\u00f1o de aumentar \u00f3s 5M de parados os <a href=\"http:\/\/im-pulso.blogspot.com\/2012\/02\/el-pp-cumple-su-palabra-y-mejora-el.html\" target=\"_blank\" rel=\"noopener\">pseudoempregados<\/a>.<\/p>\n","protected":false},"excerpt":{"rendered":"<p>Inxerencia! Inxerencia? A ONU pide a Espa\u00f1a m\u00e1is seriedade despois do de Garz\u00f3n. Non \u00e9 que crea que na ONU non hai intereses e xerarqu\u00eda de mando, pero non deixa de ser outro indicio m\u00e1is (se fixera falta) de que algo non funciona por estes lares xudiciais (e pol\u00edticos, e econ\u00f3micos, &#8230;) Materia para reflexionar [&hellip;]<\/p>\n","protected":false},"author":3,"featured_media":0,"comment_status":"open","ping_status":"closed","sticky":false,"template":"","format":"standard","meta":{"activitypub_content_warning":"","activitypub_content_visibility":"","activitypub_max_image_attachments":3,"activitypub_interaction_policy_quote":"anyone","activitypub_status":"federated","footnotes":""},"categories":[1],"tags":[21,9],"class_list":["post-7647","post","type-post","status-publish","format-standard","hentry","category-sen-categoria","tag-economia","tag-sociedade"],"_links":{"self":[{"href":"https:\/\/blogs.amarinha.gal\/ribadeando\/wp-json\/wp\/v2\/posts\/7647","targetHints":{"allow":["GET"]}}],"collection":[{"href":"https:\/\/blogs.amarinha.gal\/ribadeando\/wp-json\/wp\/v2\/posts"}],"about":[{"href":"https:\/\/blogs.amarinha.gal\/ribadeando\/wp-json\/wp\/v2\/types\/post"}],"author":[{"embeddable":true,"href":"https:\/\/blogs.amarinha.gal\/ribadeando\/wp-json\/wp\/v2\/users\/3"}],"replies":[{"embeddable":true,"href":"https:\/\/blogs.amarinha.gal\/ribadeando\/wp-json\/wp\/v2\/comments?post=7647"}],"version-history":[{"count":0,"href":"https:\/\/blogs.amarinha.gal\/ribadeando\/wp-json\/wp\/v2\/posts\/7647\/revisions"}],"wp:attachment":[{"href":"https:\/\/blogs.amarinha.gal\/ribadeando\/wp-json\/wp\/v2\/media?parent=7647"}],"wp:term":[{"taxonomy":"category","embeddable":true,"href":"https:\/\/blogs.amarinha.gal\/ribadeando\/wp-json\/wp\/v2\/categories?post=7647"},{"taxonomy":"post_tag","embeddable":true,"href":"https:\/\/blogs.amarinha.gal\/ribadeando\/wp-json\/wp\/v2\/tags?post=7647"}],"curies":[{"name":"wp","href":"https:\/\/api.w.org\/{rel}","templated":true}]}}