{"id":7645,"date":"2012-02-13T08:01:00","date_gmt":"2012-02-13T07:01:00","guid":{"rendered":""},"modified":"2024-11-12T14:35:28","modified_gmt":"2024-11-12T13:35:28","slug":"duas-velocidades","status":"publish","type":"post","link":"https:\/\/blogs.amarinha.gal\/ribadeando\/2012\/02\/13\/duas-velocidades\/","title":{"rendered":"A d\u00faas velocidades"},"content":{"rendered":"<p>Gobernando a d\u00faas velocidades &#8230;<\/p>\n<p>Ch\u00e9game a nova de que <a href=\"http:\/\/www.cronica3.com\/2012\/02\/o-concello-de-ribadeo-contara-con-perfis-institucionais-nas-principais-redes-sociais-2\/\" target=\"_blank\" rel=\"noopener\">Ribadeo contar\u00e1 con contas institucionais nas redes sociais<\/a>. A ra\u00edz diso, vou mirar <a href=\"http:\/\/www.ribadeo.org\/actualidade\/nova.php?id=926&amp;lg=gal\" target=\"_blank\" rel=\"noopener\">a mesma noticia na web do concello<\/a>. A da web do concello ten data de colgado de d\u00eda 12, o mesmo que a de Cr\u00f3nica 3. Non obstante, a de Cr\u00f3nica 3 est\u00e1 redactada o d\u00eda 11. Pode que sexa un detalle sen moita importancia, a pesares de que ocorre de cont\u00ednuo. As\u00ed, non o refer\u00edn nunca no blog. Mais o incremento de contas institucionais do concello pola inclusi\u00f3n de conceller\u00edas nas redes sociais e a creaci\u00f3n anunciada de novos blog a parte do de <a href=\"http:\/\/ribadeomuller.wordpress.com\/\" target=\"_blank\" rel=\"noopener\">Ribadeo Muller<\/a> pode facer necesaria unha coordinaci\u00f3n para non ver novas do concello atga na sopa.<\/p>\n<p>Sei que non hai alternativas doadas \u00f3 aumento desmesurado de informaci\u00f3n, e onde m\u00e1is se da \u00e9 na rede. Non obstante, o exceso de informaci\u00f3n \u00e9 tan malo como o d\u00e9ficit, sen ter que coincidir coa requerida transparencia institucional e podendo facelo coa propaganda. \u00c9 dicir, an\u00fanciase unha v\u00eda de actuaci\u00f3n de difusi\u00f3n institucional, pero non sabemos, porque non se anuncia, da coordinaci\u00f3n, c\u00f3digo de actuaci\u00f3n ou reflexo da transparencia que vai implicar.<\/p>\n<p>No per\u00edodo pasado, con minor\u00eda, o goberno municipal queix\u00e1base de que os seus membros non ti\u00f1an tempo material para ocuparse de todo. Agora, con maior\u00eda, a medida tomada implica que os seus membros te\u00f1en tempo para facer ver o que fan, e con ser moi importante para as elecci\u00f3ns, preg\u00fantome se se est\u00e1 a facer m\u00e1is do que se fac\u00eda antes.<\/p>\n<p>Ben, te\u00f1o que reco\u00f1ecer que a nova implica que a rede v\u00e1ise usar para dar m\u00e1is servizo. Pode facerse, pero tal e como est\u00e1 funcionando a web institucional &#8230;&nbsp;<\/p>\n","protected":false},"excerpt":{"rendered":"<p>Gobernando a d\u00faas velocidades &#8230; Ch\u00e9game a nova de que Ribadeo contar\u00e1 con contas institucionais nas redes sociais. A ra\u00edz diso, vou mirar a mesma noticia na web do concello. A da web do concello ten data de colgado de d\u00eda 12, o mesmo que a de Cr\u00f3nica 3. Non obstante, a de Cr\u00f3nica 3 [&hellip;]<\/p>\n","protected":false},"author":3,"featured_media":0,"comment_status":"open","ping_status":"closed","sticky":false,"template":"","format":"standard","meta":{"activitypub_content_warning":"","activitypub_content_visibility":"","activitypub_max_image_attachments":3,"activitypub_interaction_policy_quote":"anyone","activitypub_status":"federated","footnotes":""},"categories":[1],"tags":[13],"class_list":["post-7645","post","type-post","status-publish","format-standard","hentry","category-sen-categoria","tag-politica"],"_links":{"self":[{"href":"https:\/\/blogs.amarinha.gal\/ribadeando\/wp-json\/wp\/v2\/posts\/7645","targetHints":{"allow":["GET"]}}],"collection":[{"href":"https:\/\/blogs.amarinha.gal\/ribadeando\/wp-json\/wp\/v2\/posts"}],"about":[{"href":"https:\/\/blogs.amarinha.gal\/ribadeando\/wp-json\/wp\/v2\/types\/post"}],"author":[{"embeddable":true,"href":"https:\/\/blogs.amarinha.gal\/ribadeando\/wp-json\/wp\/v2\/users\/3"}],"replies":[{"embeddable":true,"href":"https:\/\/blogs.amarinha.gal\/ribadeando\/wp-json\/wp\/v2\/comments?post=7645"}],"version-history":[{"count":0,"href":"https:\/\/blogs.amarinha.gal\/ribadeando\/wp-json\/wp\/v2\/posts\/7645\/revisions"}],"wp:attachment":[{"href":"https:\/\/blogs.amarinha.gal\/ribadeando\/wp-json\/wp\/v2\/media?parent=7645"}],"wp:term":[{"taxonomy":"category","embeddable":true,"href":"https:\/\/blogs.amarinha.gal\/ribadeando\/wp-json\/wp\/v2\/categories?post=7645"},{"taxonomy":"post_tag","embeddable":true,"href":"https:\/\/blogs.amarinha.gal\/ribadeando\/wp-json\/wp\/v2\/tags?post=7645"}],"curies":[{"name":"wp","href":"https:\/\/api.w.org\/{rel}","templated":true}]}}