{"id":7638,"date":"2012-02-18T09:35:00","date_gmt":"2012-02-18T08:35:00","guid":{"rendered":""},"modified":"2024-11-12T14:35:12","modified_gmt":"2024-11-12T13:35:12","slug":"desbloqueando","status":"publish","type":"post","link":"https:\/\/blogs.amarinha.gal\/ribadeando\/2012\/02\/18\/desbloqueando\/","title":{"rendered":"Desbloqueando"},"content":{"rendered":"<p>En <a href=\"http:\/\/madrilonia.org\/2012\/02\/carta-sobre-lo-que-esta-pasando-en-grecia-y-no-sale-en-los-medios\/\" target=\"_blank\" rel=\"noopener\">Grecia a xente \u00fanese<\/a> para tentar ser alg\u00faen entre todos, e a partires de a\u00ed, vivir deixando a agon\u00eda sen futuro \u00e1 beira. En Espa\u00f1a, despois da victoria, o PP re\u00fanese (\u00e9 dicir, volve a unirse) nun bloque, mentras o esnaquizado PSOE segue a sacar punta a que como non te\u00f1en o poder, non hai que repartir, e polo tanto, non hai medo a intentar subir un pouco m\u00e1is a costa do compa\u00f1eiro.<\/p>\n<p>En Galicia, a cousa da divisi\u00f3n rep\u00edtese&nbsp; no BNG. Primeiro, a d\u00fabida. Logo, a certeza, e a\u00ednda, a xente que eu chamar\u00eda como cualificativo &#8216;rexeneracionsta&#8217;, que se ve na situaci\u00f3n de elixir entre quedar ou partir de algo que xa est\u00e1 partido. Os motivos? Din que de ideas, aflora que alomenos de m\u00e9todo, e o motivo final, o reparto do poder. A cousa pasa por que o grupo que comezaba a ter pulo de + Galiza quedouse sen moita xesti\u00f3n interna, sen transmitir \u00e1 estrutura. e como en pol\u00edtica se necesita apoio tanto interno como externo, agora est\u00e1 na encrucillada e a estas horas parece que cada un dos integrantes significados pode tomar un cami\u00f1o diferente. E isto, remata ollando no futuro a &#8211; Galiza?.<\/p>\n","protected":false},"excerpt":{"rendered":"<p>En Grecia a xente \u00fanese para tentar ser alg\u00faen entre todos, e a partires de a\u00ed, vivir deixando a agon\u00eda sen futuro \u00e1 beira. En Espa\u00f1a, despois da victoria, o PP re\u00fanese (\u00e9 dicir, volve a unirse) nun bloque, mentras o esnaquizado PSOE segue a sacar punta a que como non te\u00f1en o poder, non [&hellip;]<\/p>\n","protected":false},"author":3,"featured_media":0,"comment_status":"open","ping_status":"closed","sticky":false,"template":"","format":"standard","meta":{"activitypub_content_warning":"","activitypub_content_visibility":"","activitypub_max_image_attachments":3,"activitypub_interaction_policy_quote":"anyone","activitypub_status":"federated","footnotes":""},"categories":[1],"tags":[13],"class_list":["post-7638","post","type-post","status-publish","format-standard","hentry","category-sen-categoria","tag-politica"],"_links":{"self":[{"href":"https:\/\/blogs.amarinha.gal\/ribadeando\/wp-json\/wp\/v2\/posts\/7638","targetHints":{"allow":["GET"]}}],"collection":[{"href":"https:\/\/blogs.amarinha.gal\/ribadeando\/wp-json\/wp\/v2\/posts"}],"about":[{"href":"https:\/\/blogs.amarinha.gal\/ribadeando\/wp-json\/wp\/v2\/types\/post"}],"author":[{"embeddable":true,"href":"https:\/\/blogs.amarinha.gal\/ribadeando\/wp-json\/wp\/v2\/users\/3"}],"replies":[{"embeddable":true,"href":"https:\/\/blogs.amarinha.gal\/ribadeando\/wp-json\/wp\/v2\/comments?post=7638"}],"version-history":[{"count":0,"href":"https:\/\/blogs.amarinha.gal\/ribadeando\/wp-json\/wp\/v2\/posts\/7638\/revisions"}],"wp:attachment":[{"href":"https:\/\/blogs.amarinha.gal\/ribadeando\/wp-json\/wp\/v2\/media?parent=7638"}],"wp:term":[{"taxonomy":"category","embeddable":true,"href":"https:\/\/blogs.amarinha.gal\/ribadeando\/wp-json\/wp\/v2\/categories?post=7638"},{"taxonomy":"post_tag","embeddable":true,"href":"https:\/\/blogs.amarinha.gal\/ribadeando\/wp-json\/wp\/v2\/tags?post=7638"}],"curies":[{"name":"wp","href":"https:\/\/api.w.org\/{rel}","templated":true}]}}