{"id":7634,"date":"2012-02-22T13:11:00","date_gmt":"2012-02-22T12:11:00","guid":{"rendered":""},"modified":"2024-11-12T14:35:06","modified_gmt":"2024-11-12T13:35:06","slug":"de-entroido-en-entroido-pero-serio","status":"publish","type":"post","link":"https:\/\/blogs.amarinha.gal\/ribadeando\/2012\/02\/22\/de-entroido-en-entroido-pero-serio\/","title":{"rendered":"De entroido en entroido (pero serio)"},"content":{"rendered":"<p>O entroido en Ribadeo pasou; queda a cinza de hoxe e os choros do s\u00e1bado. En contraste, outro entroido leva cami\u00f1o de chegar via difusi\u00f3n do que comezou en Valencia. Ch\u00e1molle entroido porque puiden ver o que al\u00ed pasou (alomenos en parte) e a referencia en diferentes medios, contrastando coa opini\u00f3n da xente que te podes atopar na parada dun autob\u00fas. E tr\u00e1tase non s\u00f3 duns principios ou bases radicalmente diferentes dunhas a outras persoas, sen\u00f3n que se extende a cousas como&nbsp; percepci\u00f3n do momento ou o xeito de enfrontarse \u00e1 vida. E mesmo dun xogo camale\u00f3nico situacionista, m\u00e1is ou menos profundo, por parte de mota xente.<\/p>\n<p>15M? Protesta por unha lei ou unha postura pol\u00edtica concretas? Non, isto estase a transformar.<\/p>\n","protected":false},"excerpt":{"rendered":"<p>O entroido en Ribadeo pasou; queda a cinza de hoxe e os choros do s\u00e1bado. En contraste, outro entroido leva cami\u00f1o de chegar via difusi\u00f3n do que comezou en Valencia. Ch\u00e1molle entroido porque puiden ver o que al\u00ed pasou (alomenos en parte) e a referencia en diferentes medios, contrastando coa opini\u00f3n da xente que te [&hellip;]<\/p>\n","protected":false},"author":3,"featured_media":0,"comment_status":"open","ping_status":"closed","sticky":false,"template":"","format":"standard","meta":{"activitypub_content_warning":"","activitypub_content_visibility":"","activitypub_max_image_attachments":3,"activitypub_interaction_policy_quote":"anyone","activitypub_status":"federated","footnotes":""},"categories":[1],"tags":[32,9],"class_list":["post-7634","post","type-post","status-publish","format-standard","hentry","category-sen-categoria","tag-filosofia","tag-sociedade"],"_links":{"self":[{"href":"https:\/\/blogs.amarinha.gal\/ribadeando\/wp-json\/wp\/v2\/posts\/7634","targetHints":{"allow":["GET"]}}],"collection":[{"href":"https:\/\/blogs.amarinha.gal\/ribadeando\/wp-json\/wp\/v2\/posts"}],"about":[{"href":"https:\/\/blogs.amarinha.gal\/ribadeando\/wp-json\/wp\/v2\/types\/post"}],"author":[{"embeddable":true,"href":"https:\/\/blogs.amarinha.gal\/ribadeando\/wp-json\/wp\/v2\/users\/3"}],"replies":[{"embeddable":true,"href":"https:\/\/blogs.amarinha.gal\/ribadeando\/wp-json\/wp\/v2\/comments?post=7634"}],"version-history":[{"count":0,"href":"https:\/\/blogs.amarinha.gal\/ribadeando\/wp-json\/wp\/v2\/posts\/7634\/revisions"}],"wp:attachment":[{"href":"https:\/\/blogs.amarinha.gal\/ribadeando\/wp-json\/wp\/v2\/media?parent=7634"}],"wp:term":[{"taxonomy":"category","embeddable":true,"href":"https:\/\/blogs.amarinha.gal\/ribadeando\/wp-json\/wp\/v2\/categories?post=7634"},{"taxonomy":"post_tag","embeddable":true,"href":"https:\/\/blogs.amarinha.gal\/ribadeando\/wp-json\/wp\/v2\/tags?post=7634"}],"curies":[{"name":"wp","href":"https:\/\/api.w.org\/{rel}","templated":true}]}}