{"id":7622,"date":"2012-03-01T07:57:00","date_gmt":"2012-03-01T06:57:00","guid":{"rendered":""},"modified":"2024-11-12T14:34:48","modified_gmt":"2024-11-12T13:34:48","slug":"revolta-en-barcelona","status":"publish","type":"post","link":"https:\/\/blogs.amarinha.gal\/ribadeando\/2012\/03\/01\/revolta-en-barcelona\/","title":{"rendered":"Revolta en Barcelona"},"content":{"rendered":"<p>Unha pregunta: vexo nas <a href=\"http:\/\/www.publico.es\/424419\/slideshow\" target=\"_blank\" rel=\"noopener\">fotos da revolta de Barcelona<\/a> \u00e1 polic\u00eda dando ca\u00f1a, sempre en abondo menor n\u00famero que a xente. Eso me leva a pensar que pasar\u00e1 cando a xente se revolva.<\/p>\n<p>Mentras, por referencia de Suso L\u00f3pez, f\u00edxome na portada incendiaria de ABC, e penso que ese momento est\u00e1 a ser pedido de xeito inconsciente (ou moi consciente) por alg\u00fans sectores.<\/p>\n<p>Por certo, <a href=\"http:\/\/www.abc.es\/20120301\/economia\/abcp-rajoy-tiene-listo-ambicioso-20120301.html\" target=\"_blank\" rel=\"noopener\">Espa\u00f1a segue en venta<\/a> (e tal como est\u00e1 a situaci\u00f3n, de rebaixas)<\/p>\n","protected":false},"excerpt":{"rendered":"<p>Unha pregunta: vexo nas fotos da revolta de Barcelona \u00e1 polic\u00eda dando ca\u00f1a, sempre en abondo menor n\u00famero que a xente. Eso me leva a pensar que pasar\u00e1 cando a xente se revolva. Mentras, por referencia de Suso L\u00f3pez, f\u00edxome na portada incendiaria de ABC, e penso que ese momento est\u00e1 a ser pedido de [&hellip;]<\/p>\n","protected":false},"author":3,"featured_media":0,"comment_status":"open","ping_status":"closed","sticky":false,"template":"","format":"standard","meta":{"activitypub_content_warning":"","activitypub_content_visibility":"","activitypub_max_image_attachments":3,"activitypub_interaction_policy_quote":"anyone","activitypub_status":"federated","footnotes":""},"categories":[1],"tags":[21,9],"class_list":["post-7622","post","type-post","status-publish","format-standard","hentry","category-sen-categoria","tag-economia","tag-sociedade"],"_links":{"self":[{"href":"https:\/\/blogs.amarinha.gal\/ribadeando\/wp-json\/wp\/v2\/posts\/7622","targetHints":{"allow":["GET"]}}],"collection":[{"href":"https:\/\/blogs.amarinha.gal\/ribadeando\/wp-json\/wp\/v2\/posts"}],"about":[{"href":"https:\/\/blogs.amarinha.gal\/ribadeando\/wp-json\/wp\/v2\/types\/post"}],"author":[{"embeddable":true,"href":"https:\/\/blogs.amarinha.gal\/ribadeando\/wp-json\/wp\/v2\/users\/3"}],"replies":[{"embeddable":true,"href":"https:\/\/blogs.amarinha.gal\/ribadeando\/wp-json\/wp\/v2\/comments?post=7622"}],"version-history":[{"count":0,"href":"https:\/\/blogs.amarinha.gal\/ribadeando\/wp-json\/wp\/v2\/posts\/7622\/revisions"}],"wp:attachment":[{"href":"https:\/\/blogs.amarinha.gal\/ribadeando\/wp-json\/wp\/v2\/media?parent=7622"}],"wp:term":[{"taxonomy":"category","embeddable":true,"href":"https:\/\/blogs.amarinha.gal\/ribadeando\/wp-json\/wp\/v2\/categories?post=7622"},{"taxonomy":"post_tag","embeddable":true,"href":"https:\/\/blogs.amarinha.gal\/ribadeando\/wp-json\/wp\/v2\/tags?post=7622"}],"curies":[{"name":"wp","href":"https:\/\/api.w.org\/{rel}","templated":true}]}}