{"id":7590,"date":"2012-03-18T10:11:00","date_gmt":"2012-03-18T09:11:00","guid":{"rendered":""},"modified":"2024-11-12T14:33:51","modified_gmt":"2024-11-12T13:33:51","slug":"unha-curiosidade-os-gastos-de","status":"publish","type":"post","link":"https:\/\/blogs.amarinha.gal\/ribadeando\/2012\/03\/18\/unha-curiosidade-os-gastos-de\/","title":{"rendered":"Unha curiosidade: os gastos de funcionamento dos centros p\u00fablicos de ensino de Ribadeo para este ano 2012"},"content":{"rendered":"<p>En Ribadeo, dependentes da Conseller\u00eda de educaci\u00f3n v\u00eda orzamentos, hai catro centros de ensino. Un de primaria, o CEIP Gregorio Sanz, e tres de secundaria, o CIFP Porta da Auga e os IES Dionisio Gamalo Fierros e IES Porta da Auga. Nos listados primeiro aparece o c\u00f3digo (prov. 27; 01 ensino xeral, 02 formaci\u00f3n profesional, e un n\u00famero de asignaci\u00f3n), despois o tipo (CEIP &#8211; Colexio de primaria, CIFP &#8211; Centro integrado de formaci\u00f3n profesional, IES &#8211; Instituto de ensino secundario [titularmente, educaci\u00f3n secundaria]), logo a poboaci\u00f3n e provincia e por \u00faltimo o importe orzamentario previsto para o ano:<\/p>\n<p>27010891 <a href=\"http:\/\/www.edu.xunta.es\/centros\/ceipgregoriosanz\/\" target=\"_blank\" rel=\"noopener\">CEIP Gregorio Sanz<\/a> Ribadeo Lugo 24 322,00<\/p>\n<p>27020793 <a href=\"http:\/\/centros.edu.xunta.es\/cifpportadaauga\/\" target=\"_blank\" rel=\"noopener\">CIFP Porta da Auga<\/a> Ribadeo Lugo 122 901,00<\/p>\n<p>27010933 <a href=\"http:\/\/www.edu.xunta.es\/centros\/iesdionisioribadeo\/\" target=\"_blank\" rel=\"noopener\">IES Dionisio Gamallo Fierros<\/a> Ribadeo Lugo 61 059,00<\/p>\n<p>27010945 <a href=\"http:\/\/centros.edu.xunta.es\/iesportadaauga\/\" target=\"_blank\" rel=\"noopener\">IES Porta da Auga<\/a> Ribadeo Lugo 57 147,00<\/p>\n<p>Como nota aclaratoria, o CIFP \u00e9 a divisi\u00f3n do Porta da Auga que se encarga de impartir s\u00f3 formaci\u00f3n profesional, quedando o o IES Porta da Auga como centro de ensino xeralista (ESO e Bac) m\u00e1is a rama administrativa. Na uni\u00f3n de centros prevista, os dous IES integrar\u00e1nse nun s\u00f3 no edificio do actual Gamallo Fierros, quedando sen as ramas profesionais que te\u00f1en na actualidade, que pasar\u00e1n a integrarse no CIFP Porta da Auga.<\/p>\n","protected":false},"excerpt":{"rendered":"<p>En Ribadeo, dependentes da Conseller\u00eda de educaci\u00f3n v\u00eda orzamentos, hai catro centros de ensino. Un de primaria, o CEIP Gregorio Sanz, e tres de secundaria, o CIFP Porta da Auga e os IES Dionisio Gamalo Fierros e IES Porta da Auga. Nos listados primeiro aparece o c\u00f3digo (prov. 27; 01 ensino xeral, 02 formaci\u00f3n profesional, [&hellip;]<\/p>\n","protected":false},"author":3,"featured_media":0,"comment_status":"open","ping_status":"closed","sticky":false,"template":"","format":"standard","meta":{"activitypub_content_warning":"","activitypub_content_visibility":"","activitypub_max_image_attachments":3,"activitypub_interaction_policy_quote":"anyone","activitypub_status":"federated","footnotes":""},"categories":[1],"tags":[21,9],"class_list":["post-7590","post","type-post","status-publish","format-standard","hentry","category-sen-categoria","tag-economia","tag-sociedade"],"_links":{"self":[{"href":"https:\/\/blogs.amarinha.gal\/ribadeando\/wp-json\/wp\/v2\/posts\/7590","targetHints":{"allow":["GET"]}}],"collection":[{"href":"https:\/\/blogs.amarinha.gal\/ribadeando\/wp-json\/wp\/v2\/posts"}],"about":[{"href":"https:\/\/blogs.amarinha.gal\/ribadeando\/wp-json\/wp\/v2\/types\/post"}],"author":[{"embeddable":true,"href":"https:\/\/blogs.amarinha.gal\/ribadeando\/wp-json\/wp\/v2\/users\/3"}],"replies":[{"embeddable":true,"href":"https:\/\/blogs.amarinha.gal\/ribadeando\/wp-json\/wp\/v2\/comments?post=7590"}],"version-history":[{"count":0,"href":"https:\/\/blogs.amarinha.gal\/ribadeando\/wp-json\/wp\/v2\/posts\/7590\/revisions"}],"wp:attachment":[{"href":"https:\/\/blogs.amarinha.gal\/ribadeando\/wp-json\/wp\/v2\/media?parent=7590"}],"wp:term":[{"taxonomy":"category","embeddable":true,"href":"https:\/\/blogs.amarinha.gal\/ribadeando\/wp-json\/wp\/v2\/categories?post=7590"},{"taxonomy":"post_tag","embeddable":true,"href":"https:\/\/blogs.amarinha.gal\/ribadeando\/wp-json\/wp\/v2\/tags?post=7590"}],"curies":[{"name":"wp","href":"https:\/\/api.w.org\/{rel}","templated":true}]}}