{"id":7589,"date":"2012-03-18T22:45:00","date_gmt":"2012-03-18T21:45:00","guid":{"rendered":""},"modified":"2024-11-12T14:33:49","modified_gmt":"2024-11-12T13:33:49","slug":"viva-la-pepa-en-ribadeo-hoxe-15m-e","status":"publish","type":"post","link":"https:\/\/blogs.amarinha.gal\/ribadeando\/2012\/03\/18\/viva-la-pepa-en-ribadeo-hoxe-15m-e\/","title":{"rendered":"Viva la Pepa! en Ribadeo, hoxe: 15M e folga"},"content":{"rendered":"<p>A <a href=\"http:\/\/gl.wikipedia.org\/wiki\/Constituci%C3%B3n_de_1812\" target=\"_blank\" rel=\"noopener\">Pepa, a Constituci\u00f3n<\/a> de <a href=\"http:\/\/gl.wikipedia.org\/wiki\/1812\" target=\"_blank\" rel=\"noopener\">1812<\/a> emanada das <a href=\"http:\/\/gl.wikipedia.org\/wiki\/Cortes_de_C%C3%A1diz\" target=\"_blank\" rel=\"noopener\">Cortes de C\u00e1diz<\/a>, est\u00e1 o luns 19 de marzo de cumpreanos. A primeira constituci\u00f3n \/ norma xeral non emanada en Espa\u00f1a de orde real. Un paso adiante que se veu abaixo \u00f3s poucos anos pola invasi\u00f3n que representaron os <a href=\"http:\/\/gl.wikipedia.org\/wiki\/Cen_Mil_Fillos_de_San_Lu%C3%ADs\" target=\"_blank\" rel=\"noopener\">fillos de S. Luis<\/a>, reclamados polas forzas reaccionarias.<\/p>\n<p>Hoxe, domingo 18\/3, est\u00e1se a preparar a folga xeral do 29. Convoc\u00e1ronna os sindicatos, pero &#8216;sen sindicatos tam\u00e9n haber\u00eda folga&#8217;: coido que hai que aclaralo ante o desprestixio sindical, aproveitado para atacar a folga. Con sindicatos ou sen eles, debe haber folga. Houbo unha <a href=\"https:\/\/n-1.cc\/pg\/file\/read\/1231776\/acta-asamblea-marinhaoccidente-18032012\" target=\"_blank\" rel=\"noopener\">xuntanza relacionada co 15M en Ribadeo<\/a>, e al\u00ed xurdiron alg\u00fans bocetos para animar o manifesto \u00f3 tempo que se preparaba unha acci\u00f3n m\u00e1is ampla que se decidir\u00e1 o pr\u00f3ximo domingo.<\/p>\n<p>Deixo escaneados os modelos:<\/p>\n<p>1.Como a folga \u00e9 de todos, amas de casa, labregos ou parados deben estar representados:<\/p>\n<p><a href=\"https:\/\/blogger.googleusercontent.com\/img\/b\/R29vZ2xl\/AVvXsEgr-j7qWEZdu5y0xlPM5WvR6kYqX8nv5qI4gaVIvrsBIULFm8eqjWGF2b32DPrJ8tI8xhCRkTrz1vwXl0a5kIr9fpujZooAgRhqUoKeEVZBGF6QNxlBgsf9S45Ijr8y-Cq-45RZAw\/s2048\/folga+20120329+peq.jpg\" style=\"margin-left: 1em; margin-right: 1em;\"><img loading=\"lazy\" decoding=\"async\" height=\"318\" src=\"https:\/\/blogger.googleusercontent.com\/img\/b\/R29vZ2xl\/AVvXsEgr-j7qWEZdu5y0xlPM5WvR6kYqX8nv5qI4gaVIvrsBIULFm8eqjWGF2b32DPrJ8tI8xhCRkTrz1vwXl0a5kIr9fpujZooAgRhqUoKeEVZBGF6QNxlBgsf9S45Ijr8y-Cq-45RZAw\/s2048\/folga+20120329+peq.jpg\" width=\"640\" \/><\/a><\/p>\n<p>2.Como a cousa xurdiu nunha servilleta de papel, \u00f3 mellor non estaba de m\u00e1is engadir a lenda da beira da servilleta:<\/p>\n<p><a href=\"https:\/\/blogger.googleusercontent.com\/img\/b\/R29vZ2xl\/AVvXsEiN8wKz90Lsy5XUnE3BycCKJk-78NZK5d7GnrmHpXkq5ZWnwBZPmb6zPNDaVMjcZNtpaGYfZBNRaf2hwxNtnos9ysA8uJAFu_5x9qhc0Uiz7y81qNWmCMI6KGh3x6eNWWo9SNQYkQ\/s2048\/folga+20120329_b+peq.jpg\" style=\"margin-left: 1em; margin-right: 1em;\"><img loading=\"lazy\" decoding=\"async\" height=\"372\" src=\"https:\/\/blogger.googleusercontent.com\/img\/b\/R29vZ2xl\/AVvXsEiN8wKz90Lsy5XUnE3BycCKJk-78NZK5d7GnrmHpXkq5ZWnwBZPmb6zPNDaVMjcZNtpaGYfZBNRaf2hwxNtnos9ysA8uJAFu_5x9qhc0Uiz7y81qNWmCMI6KGh3x6eNWWo9SNQYkQ\/s2048\/folga+20120329_b+peq.jpg\" width=\"640\" \/><\/a><\/p>\n<p>3.O pensar \u00e9 un primeiro momento antes da concienciaci\u00f3n e da acci\u00f3n. O ter a conciencia cr\u00edtica, desenchufada dos medios&#8230; :<\/p>\n<p><a href=\"https:\/\/blogger.googleusercontent.com\/img\/b\/R29vZ2xl\/AVvXsEiq0DTxKwV9GwWcTWICcHjkUU8otx8jT_wbBrj3htHrFBObudr1ynv5eADEuoFIc5GIqY8yxRZG4D6O_Dfz4CYwfF1ZR34R8lYOVfQLwXozlDytZW0-n696fBaQpjNOb7X_Q4QbAA\/s2048\/folga+20120329+reflexi%C3%B3n+peq.jpg\" style=\"margin-left: 1em; margin-right: 1em;\"><img loading=\"lazy\" decoding=\"async\" height=\"374\" src=\"https:\/\/blogger.googleusercontent.com\/img\/b\/R29vZ2xl\/AVvXsEiq0DTxKwV9GwWcTWICcHjkUU8otx8jT_wbBrj3htHrFBObudr1ynv5eADEuoFIc5GIqY8yxRZG4D6O_Dfz4CYwfF1ZR34R8lYOVfQLwXozlDytZW0-n696fBaQpjNOb7X_Q4QbAA\/s2048\/folga+20120329+reflexi%C3%B3n+peq.jpg\" width=\"640\" \/><\/a><\/p>\n<p>E, polo medio, a percepci\u00f3n de que cos seus m\u00e1is e os seus menos, o 15M segue adiante despois de 9 meses:<\/p>\n<p><a href=\"https:\/\/blogger.googleusercontent.com\/img\/b\/R29vZ2xl\/AVvXsEgOAmhj5RP_HLV91ZOQlnN0wyHL_XrXRM5dmF3-jen9NqDXYQXI_9Oeb1yZlI3bhcTpzwjQ4MlEYeOQ2UF9HC_3dp7rkIfJQN2Me9GeqJfQdM0wvpX6g86jD0abUQvzBgELIgiOyg\/s2048\/15M_9meses_peq.jpg\" style=\"margin-left: 1em; margin-right: 1em;\"><img loading=\"lazy\" decoding=\"async\" height=\"574\" src=\"https:\/\/blogger.googleusercontent.com\/img\/b\/R29vZ2xl\/AVvXsEgOAmhj5RP_HLV91ZOQlnN0wyHL_XrXRM5dmF3-jen9NqDXYQXI_9Oeb1yZlI3bhcTpzwjQ4MlEYeOQ2UF9HC_3dp7rkIfJQN2Me9GeqJfQdM0wvpX6g86jD0abUQvzBgELIgiOyg\/s2048\/15M_9meses_peq.jpg\" width=\"640\" \/><\/a><\/p>\n<p>En fin, mentras unha lembranza: ma\u00f1\u00e1, luns 19, tocar\u00eda pleno en Ribadeo. Haber\u00e1o? Agora mesmo non te\u00f1o nin idea: os medios non din nada, na p\u00e1xina do concello nn hai nada &#8230; e o segundo luns de mes impar xa foi o pasado &#8230;<\/p>\n","protected":false},"excerpt":{"rendered":"<p>A Pepa, a Constituci\u00f3n de 1812 emanada das Cortes de C\u00e1diz, est\u00e1 o luns 19 de marzo de cumpreanos. A primeira constituci\u00f3n \/ norma xeral non emanada en Espa\u00f1a de orde real. Un paso adiante que se veu abaixo \u00f3s poucos anos pola invasi\u00f3n que representaron os fillos de S. Luis, reclamados polas forzas reaccionarias. [&hellip;]<\/p>\n","protected":false},"author":3,"featured_media":0,"comment_status":"open","ping_status":"closed","sticky":false,"template":"","format":"standard","meta":{"activitypub_content_warning":"","activitypub_content_visibility":"","activitypub_max_image_attachments":3,"activitypub_interaction_policy_quote":"anyone","activitypub_status":"federated","footnotes":""},"categories":[1],"tags":[102,21,13],"class_list":["post-7589","post","type-post","status-publish","format-standard","hentry","category-sen-categoria","tag-15m","tag-economia","tag-politica"],"_links":{"self":[{"href":"https:\/\/blogs.amarinha.gal\/ribadeando\/wp-json\/wp\/v2\/posts\/7589","targetHints":{"allow":["GET"]}}],"collection":[{"href":"https:\/\/blogs.amarinha.gal\/ribadeando\/wp-json\/wp\/v2\/posts"}],"about":[{"href":"https:\/\/blogs.amarinha.gal\/ribadeando\/wp-json\/wp\/v2\/types\/post"}],"author":[{"embeddable":true,"href":"https:\/\/blogs.amarinha.gal\/ribadeando\/wp-json\/wp\/v2\/users\/3"}],"replies":[{"embeddable":true,"href":"https:\/\/blogs.amarinha.gal\/ribadeando\/wp-json\/wp\/v2\/comments?post=7589"}],"version-history":[{"count":0,"href":"https:\/\/blogs.amarinha.gal\/ribadeando\/wp-json\/wp\/v2\/posts\/7589\/revisions"}],"wp:attachment":[{"href":"https:\/\/blogs.amarinha.gal\/ribadeando\/wp-json\/wp\/v2\/media?parent=7589"}],"wp:term":[{"taxonomy":"category","embeddable":true,"href":"https:\/\/blogs.amarinha.gal\/ribadeando\/wp-json\/wp\/v2\/categories?post=7589"},{"taxonomy":"post_tag","embeddable":true,"href":"https:\/\/blogs.amarinha.gal\/ribadeando\/wp-json\/wp\/v2\/tags?post=7589"}],"curies":[{"name":"wp","href":"https:\/\/api.w.org\/{rel}","templated":true}]}}