{"id":7584,"date":"2012-03-22T07:43:00","date_gmt":"2012-03-22T06:43:00","guid":{"rendered":""},"modified":"2024-11-12T14:33:41","modified_gmt":"2024-11-12T13:33:41","slug":"por-fin-pleno-en-ribadeo-avisado","status":"publish","type":"post","link":"https:\/\/blogs.amarinha.gal\/ribadeando\/2012\/03\/22\/por-fin-pleno-en-ribadeo-avisado\/","title":{"rendered":"Por fin, pleno en Ribadeo (avisado)"},"content":{"rendered":"<p>Conf\u00edrmase que <a href=\"http:\/\/www.ribadeo.org\/actualidade\/nova.php?id=953&amp;lg=gal\" target=\"_blank\" rel=\"noopener\">ma\u00f1\u00e1 habar\u00e1 pleno en Ribadeo<\/a>, pola tarde, un venres e variando polo tanto o que leva sendo usual dende que o concello entrou na era democr\u00e1tica: pleno ordinario o segundo luns de cada mes impar, ou sen\u00f3n, en luns sucesivos.<\/p>\n<p>Tam\u00e9n voltamos a ver outro pleno avisado na propia web do concello, que neste sentido parece que pouco a pouco e por fin, tender\u00e1 a normalizar a situaci\u00f3n de aviso de temas.<\/p>\n<p>Na orde do d\u00eda, a parte da aprobaci\u00f3n da acta anterior, figura:<\/p>\n<p>-A aprobaci\u00f3n inicial do regulamento de creaci\u00f3n de ficheiros de datos de car\u00e1cter persoal do Concello de Ribadeo (a lembrar que a creaci\u00f3n de tales ficheiros e a s\u00faa regulaci\u00f3n leva xa cousa de unha d\u00e9cada regulada).<\/p>\n<p>-As aprobaci\u00f3ns iniciais dos convenios urban\u00edsticos entre o Concello e varios titulares propietarios na r\u00faa Pintor Fierros, entre o Concello e varios propietarios na r\u00faa Daniel Cortez\u00f3n e entre o Concello e Construcciones Os Molineros S.L. na avenida de Rosal\u00eda de Castro.<\/p>\n<p>-O Plan Xeral de Ordenaci\u00f3n Municipal para a s\u00faa segunda exposici\u00f3n p\u00fablica.<\/p>\n<p>-A daci\u00f3n de contas da <a href=\"http:\/\/www.ribadeo.org\/imxd\/procedementos\/doc\/1332157768facturas_-_por_cif_paxina_web.pdf\" target=\"_blank\" rel=\"noopener\">relaci\u00f3n certificada de obrigas pendentes de pago a 31.12.2011<\/a> de conformidade co Real Decreto Lei 4\/2012, de 24 de febreiro, polo que se determinan obrigas de informaci\u00f3n e procedementos necesarios para establecer un mecanismo de financiaci\u00f3n para o pago a proveedores das entidades locais (<a href=\"http:\/\/ribadeando.blogspot.com.es\/2012\/03\/listado-criptico-publicacion-do-listado.html\" target=\"_blank\" rel=\"noopener\">relaci\u00f3n que xa foi comentada no blog<\/a>).<\/p>\n<p>-E a daci\u00f3n de conta de decretos da Alcald\u00eda, rogos e preguntas, m\u00e1is as moci\u00f3ns de partidos.<\/p>\n<p>No cap\u00edtulo de moci\u00f3ns figuran catro do PSOE sobre reducci\u00f3n de multas de tr\u00e1fico, modificaci\u00f3n de criterios das axudas dos Programas de Cooperaci\u00f3n, declaraci\u00f3n do D\u00eda de Rosal\u00eda de Castro e outras acci\u00f3ns con este motivo e sobre o D\u00eda Internacional das Mulleres.<\/p>\n<p>D\u00faas moci\u00f3ns do PP sobre actuaci\u00f3ns a incluir dentro do PEIM Rural e sobre promoci\u00f3n de emprego e creaci\u00f3n e consolidaci\u00f3n de novas empresas no Concello de Ribadeo.<\/p>\n<p>Asemade, catro do BNG sobre dereitos das mulleres, apoio \u00e1 iniciativa lexislativa popular para a defensa e promoci\u00f3n da sanidade p\u00fablica en Galicia, contra a privatizaci\u00f3n e suba das tarifas das escolas infant\u00eds pertencentes \u00e1 Xunta e para declarar o 24 de febreiro D\u00eda de Rosal\u00eda de Castro.<\/p>\n","protected":false},"excerpt":{"rendered":"<p>Conf\u00edrmase que ma\u00f1\u00e1 habar\u00e1 pleno en Ribadeo, pola tarde, un venres e variando polo tanto o que leva sendo usual dende que o concello entrou na era democr\u00e1tica: pleno ordinario o segundo luns de cada mes impar, ou sen\u00f3n, en luns sucesivos. Tam\u00e9n voltamos a ver outro pleno avisado na propia web do concello, que [&hellip;]<\/p>\n","protected":false},"author":3,"featured_media":0,"comment_status":"open","ping_status":"closed","sticky":false,"template":"","format":"standard","meta":{"activitypub_content_warning":"","activitypub_content_visibility":"","activitypub_max_image_attachments":3,"activitypub_interaction_policy_quote":"anyone","activitypub_status":"federated","footnotes":""},"categories":[1],"tags":[42],"class_list":["post-7584","post","type-post","status-publish","format-standard","hentry","category-sen-categoria","tag-plenos"],"_links":{"self":[{"href":"https:\/\/blogs.amarinha.gal\/ribadeando\/wp-json\/wp\/v2\/posts\/7584","targetHints":{"allow":["GET"]}}],"collection":[{"href":"https:\/\/blogs.amarinha.gal\/ribadeando\/wp-json\/wp\/v2\/posts"}],"about":[{"href":"https:\/\/blogs.amarinha.gal\/ribadeando\/wp-json\/wp\/v2\/types\/post"}],"author":[{"embeddable":true,"href":"https:\/\/blogs.amarinha.gal\/ribadeando\/wp-json\/wp\/v2\/users\/3"}],"replies":[{"embeddable":true,"href":"https:\/\/blogs.amarinha.gal\/ribadeando\/wp-json\/wp\/v2\/comments?post=7584"}],"version-history":[{"count":0,"href":"https:\/\/blogs.amarinha.gal\/ribadeando\/wp-json\/wp\/v2\/posts\/7584\/revisions"}],"wp:attachment":[{"href":"https:\/\/blogs.amarinha.gal\/ribadeando\/wp-json\/wp\/v2\/media?parent=7584"}],"wp:term":[{"taxonomy":"category","embeddable":true,"href":"https:\/\/blogs.amarinha.gal\/ribadeando\/wp-json\/wp\/v2\/categories?post=7584"},{"taxonomy":"post_tag","embeddable":true,"href":"https:\/\/blogs.amarinha.gal\/ribadeando\/wp-json\/wp\/v2\/tags?post=7584"}],"curies":[{"name":"wp","href":"https:\/\/api.w.org\/{rel}","templated":true}]}}