{"id":7578,"date":"2012-03-26T08:27:00","date_gmt":"2012-03-26T06:27:00","guid":{"rendered":""},"modified":"2024-11-12T14:33:27","modified_gmt":"2024-11-12T13:33:27","slug":"comentarios-externos-as-eleccions","status":"publish","type":"post","link":"https:\/\/blogs.amarinha.gal\/ribadeando\/2012\/03\/26\/comentarios-externos-as-eleccions\/","title":{"rendered":"Comentarios externos \u00e1s elecci\u00f3ns"},"content":{"rendered":"<p>Posiblemente hoxe as noticias vaian da man dos votos de onte. Digo posiblemente porque limiteime a ver anoite os resultados, sen mirar esta ma\u00f1\u00e1 os comentarios. 50-47-12 PP\/PSOE\/IU en Andaluc\u00eda, 16-13-10-5-1 PSOE\/FAC\/PP\/IU\/UPyD na veci\u00f1a comunidade.<\/p>\n<p>\u00c9 dicir, o PP non chegou \u00e1 maior\u00eda absoluta en Andaluc\u00eda, que pode ter goberno de maior\u00eda PSOE-IU mentras en Asturias PSOE, IU e UPyD aumentan 1 a conta de Foro, que se queda con trece, pero que pode formar unha maior\u00eda ideol\u00f3xica co PP, que resiste en n\u00famero de escanos. Para os grandes partidos, suba do PP, pero non a esperada, contradicci\u00f3n para o PSOE, esperada, aumento de IU, pero sen capitalizar todo o descontento social que poder\u00eda. Tanto en Asturias como en Andaluc\u00eda, rebaixas para os gobernantes, pero mentras que en Asturias as elecci\u00f3ns foron perdidas polo convocante, en Andaluc\u00eda foron s\u00f3 perdidas a medias, en medio de casos de corrupci\u00f3n. As alternativas seguen a ser inc\u00f3gnitas, pois UPyD \u00e9, dende o comezo, un partido m\u00e1is do sistema que non se da erixido en algo abondo consolidado. Por suposto, unha vez visto que o PP non nos saca da crise de xeito inmediato e contundente, os resultados electorais tam\u00e9n comezan a virar, a\u00ednda que en conxunto siga subindo, e iso a\u00ednda tendo fronte a el en Andaluc\u00eda a posibilidade de capitalizar a corrupci\u00f3n. Claro que esa palabra non \u00e9 allea o que xa est\u00e1 sucedendo de novo na c\u00fapula a nivel estatal ou sae nos xornais un d\u00eda si e outro tam\u00e9n a nivel autonom\u00edas.<\/p>\n<table align=\"center\" cellpadding=\"0\" cellspacing=\"0\" class=\"tr-caption-container\" style=\"margin-left: auto; margin-right: auto; text-align: center;\">\n<tbody>\n<tr>\n<td style=\"text-align: center;\"><a href=\"https:\/\/blogger.googleusercontent.com\/img\/b\/R29vZ2xl\/AVvXsEgLpiZ_QrrbBI3DSt5wsYIe-RdpcCdUn7prAM5kIUC4MU92h0oogjReOEo6Gx4zfniO6iffljaoRZ-hq235AJaCPbNrVd5rYtsQTtCERiHWHfLQp3i33DPMaelhWDmlK5_lGQUN8w\/s2048\/Andalucia_Asturias.jpg\" imageanchor=\"1\" style=\"margin-left: auto; margin-right: auto;\"><img loading=\"lazy\" decoding=\"async\" height=\"368\" src=\"https:\/\/blogger.googleusercontent.com\/img\/b\/R29vZ2xl\/AVvXsEgLpiZ_QrrbBI3DSt5wsYIe-RdpcCdUn7prAM5kIUC4MU92h0oogjReOEo6Gx4zfniO6iffljaoRZ-hq235AJaCPbNrVd5rYtsQTtCERiHWHfLQp3i33DPMaelhWDmlK5_lGQUN8w\/s2048\/Andalucia_Asturias.jpg\" width=\"640\" \/><\/a><\/td>\n<\/tr>\n<tr>\n<td class=\"tr-caption\" style=\"text-align: center;\">Resultados definitivos a falta do voto emigrante<\/td>\n<\/tr>\n<\/tbody>\n<\/table>\n<p>As abstenci\u00f3ns, en m\u00e1ximos, creo que tam\u00e9n indican algo (a t\u00e1boa de enrriba est\u00e1 feita con datos dos partidos que obtiveron alomenos un 0,1% de votos emitidos). E \u00e9 que por riba dos resultados en canto a escanos, contan os resultados en canto a votos. E isos indican en Andaluc\u00eda as diferenzas PP-PSOE foron m\u00ednimas, e que os dous baixaron en votos, e en Asturias, que sorprendentemente Foro Asturias v\u00e9se beneficiado pola distribuci\u00f3n electoral, non sendo o partido m\u00e1is votado. Tando UPyD como Equo acadan porcentaxes semellantes nas d\u00faas votaci\u00f3ns, pero a dispersi\u00f3n de voto en Asturias facilita que a xente de UPyD obte\u00f1a un escano, mentras que Equo queda lonxe do m\u00ednimo en ambas comunidades.<\/p>\n<p>Cambios? Alg\u00fan si, pero non demasiados &#8230;<\/p>\n<p>Respecto a Ribadeo? Non vexo que lle vaia a efectar moitoa \u00e1 r\u00eda, por exemplo, e como non sexa a posibilidade de volta \u00f3 goberno asturiano de Paco Rivas &#8230;<\/p>\n","protected":false},"excerpt":{"rendered":"<p>Posiblemente hoxe as noticias vaian da man dos votos de onte. Digo posiblemente porque limiteime a ver anoite os resultados, sen mirar esta ma\u00f1\u00e1 os comentarios. 50-47-12 PP\/PSOE\/IU en Andaluc\u00eda, 16-13-10-5-1 PSOE\/FAC\/PP\/IU\/UPyD na veci\u00f1a comunidade. \u00c9 dicir, o PP non chegou \u00e1 maior\u00eda absoluta en Andaluc\u00eda, que pode ter goberno de maior\u00eda PSOE-IU mentras en [&hellip;]<\/p>\n","protected":false},"author":3,"featured_media":0,"comment_status":"open","ping_status":"closed","sticky":false,"template":"","format":"standard","meta":{"activitypub_content_warning":"","activitypub_content_visibility":"","activitypub_max_image_attachments":3,"activitypub_interaction_policy_quote":"anyone","activitypub_status":"federate","footnotes":""},"categories":[1],"tags":[13],"class_list":["post-7578","post","type-post","status-publish","format-standard","hentry","category-sen-categoria","tag-politica"],"_links":{"self":[{"href":"https:\/\/blogs.amarinha.gal\/ribadeando\/wp-json\/wp\/v2\/posts\/7578","targetHints":{"allow":["GET"]}}],"collection":[{"href":"https:\/\/blogs.amarinha.gal\/ribadeando\/wp-json\/wp\/v2\/posts"}],"about":[{"href":"https:\/\/blogs.amarinha.gal\/ribadeando\/wp-json\/wp\/v2\/types\/post"}],"author":[{"embeddable":true,"href":"https:\/\/blogs.amarinha.gal\/ribadeando\/wp-json\/wp\/v2\/users\/3"}],"replies":[{"embeddable":true,"href":"https:\/\/blogs.amarinha.gal\/ribadeando\/wp-json\/wp\/v2\/comments?post=7578"}],"version-history":[{"count":0,"href":"https:\/\/blogs.amarinha.gal\/ribadeando\/wp-json\/wp\/v2\/posts\/7578\/revisions"}],"wp:attachment":[{"href":"https:\/\/blogs.amarinha.gal\/ribadeando\/wp-json\/wp\/v2\/media?parent=7578"}],"wp:term":[{"taxonomy":"category","embeddable":true,"href":"https:\/\/blogs.amarinha.gal\/ribadeando\/wp-json\/wp\/v2\/categories?post=7578"},{"taxonomy":"post_tag","embeddable":true,"href":"https:\/\/blogs.amarinha.gal\/ribadeando\/wp-json\/wp\/v2\/tags?post=7578"}],"curies":[{"name":"wp","href":"https:\/\/api.w.org\/{rel}","templated":true}]}}