{"id":7574,"date":"2012-03-30T08:01:00","date_gmt":"2012-03-30T06:01:00","guid":{"rendered":""},"modified":"2024-11-12T14:33:21","modified_gmt":"2024-11-12T13:33:21","slug":"pasou-tonteria-necesaria","status":"publish","type":"post","link":"https:\/\/blogs.amarinha.gal\/ribadeando\/2012\/03\/30\/pasou-tonteria-necesaria\/","title":{"rendered":"Ser\u00e1 bo t\u00edtulo?: Pasou a tonter\u00eda necesaria"},"content":{"rendered":"<p>Non creo que onte moitos dos que secundamos a folga non a consider\u00e1ramos algo as\u00ed como unha tonter\u00eda necesaria, sabendo que \u00e9 necesaria unha resposta para amosar que non soportaremos que nos rouben indefinidamente, e respostando as\u00ed nunha escolla de posibilidades coa que non se est\u00e1 satisfeito por ver as s\u00faas limitaci\u00f3ns.<\/p>\n<p>En Ribadeo, hab\u00eda unha <a href=\"http:\/\/ribadeando.blogspot.com.es\/2012\/03\/preparando-folga.html\" target=\"_blank\" rel=\"noopener\">convocatoria de concentraci\u00f3n diante do concello \u00e1s 12 do mediod\u00eda, realizada polo movemento 15M<\/a>. A concentraci\u00f3n tomou un rumbo, e convertiuse en manifestaci\u00f3n: Concello-cine-mercado-catro calles e volta. O que comezou cunhas cento cincoenta persoas, rematou cunhas duascentas, acompa\u00f1adas a parte das parellas da Polic\u00eda Local e Guardia Civil polas miradas \u00e1s veces de simpat\u00eda, outras curiosas, e algunhas burlonas ou mesmo desafiantes da xente que se atopaba. Como a convocatoria era diferente, sen participaci\u00f3n sindical -e coido que isto \u00e9 importante- e incidindo e cousas como o consumo ou a integraci\u00f3n de participantes non asalariados, continuou despois da lectura do comunicado compartindo comida e charla no parque 25 persoas, e rematando \u00f3 tempo coa recollida de restos e o recheo de post-it alusivos \u00e1 xornada con frases de todo tipo, de consignas a reflexi\u00f3ns, que logo foron distribu\u00eddos por Ribadeo. Sen incidentes, en Ribadeo, unha xornada completa. \u00c9xito? Coido que non se pode contemplar Ribadeo por separado do resto do estado, pero se se poidera, a manifestaci\u00f3n t\u00edvoo.<\/p>\n<p>Cousas? Pois &#8230; por exemplo, que xente que se uniu dixo que non se enterara da convocatoria, ou que ter a maior\u00eda de carteis en castel\u00e1n dera lugar a pequenas an\u00e9cdotas.<\/p>\n<p>Por certo, a noite anterior houbo un pleno non rese\u00f1ado de aprobaci\u00f3n do plan de axuste do concello. Voltaremos nalg\u00fan momento sobre o tema.<\/p>\n<table align=\"center\" cellpadding=\"0\" cellspacing=\"0\" class=\"tr-caption-container\" style=\"margin-left: auto; margin-right: auto; text-align: center;\">\n<tbody>\n<tr>\n<td style=\"text-align: center;\"><a href=\"https:\/\/blogger.googleusercontent.com\/img\/b\/R29vZ2xl\/AVvXsEiXoUG5ZZ7Clky2OlR6Xj0RMkooteV4p099AhIr-SijbyZNPTYpla02aMrkP0ADWUvUijfg98iqPmQ8FpRmmUOmabH-fmORYbrYONC8M8qsh1v5hrzENvZ-QlmOdAfwHoVdWPRuNQ\/s2048\/mani0.jpg\" imageanchor=\"1\" style=\"margin-left: auto; margin-right: auto;\"><img loading=\"lazy\" decoding=\"async\" height=\"537\" src=\"https:\/\/blogger.googleusercontent.com\/img\/b\/R29vZ2xl\/AVvXsEiXoUG5ZZ7Clky2OlR6Xj0RMkooteV4p099AhIr-SijbyZNPTYpla02aMrkP0ADWUvUijfg98iqPmQ8FpRmmUOmabH-fmORYbrYONC8M8qsh1v5hrzENvZ-QlmOdAfwHoVdWPRuNQ\/s2048\/mani0.jpg\" width=\"640\" \/><\/a><\/td>\n<\/tr>\n<tr>\n<td class=\"tr-caption\" style=\"text-align: center;\">O cartel que presidiu o acto<\/td>\n<\/tr>\n<\/tbody>\n<\/table>\n<table align=\"center\" cellpadding=\"0\" cellspacing=\"0\" class=\"tr-caption-container\" style=\"margin-left: auto; margin-right: auto; text-align: center;\">\n<tbody>\n<tr>\n<td style=\"text-align: center;\"><a href=\"https:\/\/blogger.googleusercontent.com\/img\/b\/R29vZ2xl\/AVvXsEhAfhcHaxOglaPFh3GqrEuenFkFOq6udpYnFgstSH9mGmsCqPxvj5gK13ZxexS8nHTDUbjGpNFSD5G-iq80Vt6I4Di3WFIPGYGsNA0pNkBsMGnm30yJf9Qcx8nWJgcMIvnbvX6Rag\/s2048\/mani2.jpg\" imageanchor=\"1\" style=\"margin-left: auto; margin-right: auto;\"><img loading=\"lazy\" decoding=\"async\" height=\"258\" src=\"https:\/\/blogger.googleusercontent.com\/img\/b\/R29vZ2xl\/AVvXsEhAfhcHaxOglaPFh3GqrEuenFkFOq6udpYnFgstSH9mGmsCqPxvj5gK13ZxexS8nHTDUbjGpNFSD5G-iq80Vt6I4Di3WFIPGYGsNA0pNkBsMGnm30yJf9Qcx8nWJgcMIvnbvX6Rag\/s2048\/mani2.jpg\" width=\"640\" \/><\/a><\/td>\n<\/tr>\n<tr>\n<td class=\"tr-caption\" style=\"text-align: center;\">A xente comezaba a concentrarse<\/td>\n<\/tr>\n<\/tbody>\n<\/table>\n<table align=\"center\" cellpadding=\"0\" cellspacing=\"0\" class=\"tr-caption-container\" style=\"margin-left: auto; margin-right: auto; text-align: center;\">\n<tbody>\n<tr>\n<td style=\"text-align: center;\"><a href=\"https:\/\/blogger.googleusercontent.com\/img\/b\/R29vZ2xl\/AVvXsEi6o-JIhTMm_uPpEjw6Xy43e212kfmc6zgdXfjgrqxRa-yDAAmHIs9o_IhxC7_me93XywgBJ0CG8KsGRlyYVkzA4FrOxa2UUZHfpLvj6qNwb0ZWeTNwevbqVhYP4-PbNtKNTM9uIA\/s2048\/mani4.jpg\" imageanchor=\"1\" style=\"margin-left: auto; margin-right: auto;\"><img loading=\"lazy\" decoding=\"async\" height=\"428\" src=\"https:\/\/blogger.googleusercontent.com\/img\/b\/R29vZ2xl\/AVvXsEi6o-JIhTMm_uPpEjw6Xy43e212kfmc6zgdXfjgrqxRa-yDAAmHIs9o_IhxC7_me93XywgBJ0CG8KsGRlyYVkzA4FrOxa2UUZHfpLvj6qNwb0ZWeTNwevbqVhYP4-PbNtKNTM9uIA\/s2048\/mani4.jpg\" width=\"640\" \/><\/a><\/td>\n<\/tr>\n<tr>\n<td class=\"tr-caption\" style=\"text-align: center;\">A punto de sa\u00edr do parque<\/td>\n<\/tr>\n<\/tbody>\n<\/table>\n<table align=\"center\" cellpadding=\"0\" cellspacing=\"0\" class=\"tr-caption-container\" style=\"margin-left: auto; margin-right: auto; text-align: center;\">\n<tbody>\n<tr>\n<td style=\"text-align: center;\"><a href=\"https:\/\/blogger.googleusercontent.com\/img\/b\/R29vZ2xl\/AVvXsEikx3r1u7h6WUp5si5Pv471G4S9uFDZUbN9kDSkQndOsj0rAmGWgyaaOUPilO9SDlOo-h5TzwHBT9PgJno_nWUbr85LJK9KqsRLsrFRiToYsjX-UZG4uVZZo0x2KY-e4dXr-fV6jQ\/s2048\/mani3.jpg\" imageanchor=\"1\" style=\"margin-left: auto; margin-right: auto;\"><img loading=\"lazy\" decoding=\"async\" height=\"116\" src=\"https:\/\/blogger.googleusercontent.com\/img\/b\/R29vZ2xl\/AVvXsEikx3r1u7h6WUp5si5Pv471G4S9uFDZUbN9kDSkQndOsj0rAmGWgyaaOUPilO9SDlOo-h5TzwHBT9PgJno_nWUbr85LJK9KqsRLsrFRiToYsjX-UZG4uVZZo0x2KY-e4dXr-fV6jQ\/s2048\/mani3.jpg\" width=\"640\" \/><\/a><\/td>\n<\/tr>\n<tr>\n<td class=\"tr-caption\" style=\"text-align: center;\">De retorno \u00f3 concello, a parte central da xente<\/td>\n<\/tr>\n<\/tbody>\n<\/table>\n<table align=\"center\" cellpadding=\"0\" cellspacing=\"0\" class=\"tr-caption-container\" style=\"margin-left: auto; margin-right: auto; text-align: center;\">\n<tbody>\n<tr>\n<td style=\"text-align: center;\"><a href=\"https:\/\/blogger.googleusercontent.com\/img\/b\/R29vZ2xl\/AVvXsEirxD8h1DpVPjTu2QGE8VmjjhqOHyxBvTZu49qzggPG8xWR4LMaH4D0wNkotw7Fw7TG_IQsosFAkGq2vRkCBNlbOrcY6x1eYf99RmmU0xidHa92nOH9_1JYrBshbAxy7J-Nx0z42A\/s2048\/pancarta.jpg\" imageanchor=\"1\" style=\"margin-left: auto; margin-right: auto;\"><img loading=\"lazy\" decoding=\"async\" height=\"480\" src=\"https:\/\/blogger.googleusercontent.com\/img\/b\/R29vZ2xl\/AVvXsEirxD8h1DpVPjTu2QGE8VmjjhqOHyxBvTZu49qzggPG8xWR4LMaH4D0wNkotw7Fw7TG_IQsosFAkGq2vRkCBNlbOrcY6x1eYf99RmmU0xidHa92nOH9_1JYrBshbAxy7J-Nx0z42A\/s2048\/pancarta.jpg\" width=\"640\" \/><\/a><\/td>\n<\/tr>\n<tr>\n<td class=\"tr-caption\" style=\"text-align: center;\">Unha das curiosas pancartas<\/td>\n<\/tr>\n<\/tbody>\n<\/table>\n<table align=\"center\" cellpadding=\"0\" cellspacing=\"0\" class=\"tr-caption-container\" style=\"margin-left: auto; margin-right: auto; text-align: center;\">\n<tbody>\n<tr>\n<td style=\"text-align: center;\"><a href=\"https:\/\/blogger.googleusercontent.com\/img\/b\/R29vZ2xl\/AVvXsEiuRvs0vdPkO4NWlJqGojjYzui0HkazeuaNOPlSj8YsbkcSYxwN5S1haQ7S3waZsrhrThhcUjUzw5bEU9J64jhYiBTOEXANUnkHcjXRERzoUwNhml476cAinluKJawmM5Z89mh0hQ\/s2048\/mani1.jpg\" imageanchor=\"1\" style=\"margin-left: auto; margin-right: auto;\"><img loading=\"lazy\" decoding=\"async\" height=\"480\" src=\"https:\/\/blogger.googleusercontent.com\/img\/b\/R29vZ2xl\/AVvXsEiuRvs0vdPkO4NWlJqGojjYzui0HkazeuaNOPlSj8YsbkcSYxwN5S1haQ7S3waZsrhrThhcUjUzw5bEU9J64jhYiBTOEXANUnkHcjXRERzoUwNhml476cAinluKJawmM5Z89mh0hQ\/s2048\/mani1.jpg\" width=\"640\" \/><\/a><\/td>\n<\/tr>\n<tr>\n<td class=\"tr-caption\" style=\"text-align: center;\">Compartindo a comida<\/td>\n<\/tr>\n<\/tbody>\n<\/table>\n","protected":false},"excerpt":{"rendered":"<p>Non creo que onte moitos dos que secundamos a folga non a consider\u00e1ramos algo as\u00ed como unha tonter\u00eda necesaria, sabendo que \u00e9 necesaria unha resposta para amosar que non soportaremos que nos rouben indefinidamente, e respostando as\u00ed nunha escolla de posibilidades coa que non se est\u00e1 satisfeito por ver as s\u00faas limitaci\u00f3ns. En Ribadeo, hab\u00eda [&hellip;]<\/p>\n","protected":false},"author":3,"featured_media":0,"comment_status":"open","ping_status":"closed","sticky":false,"template":"","format":"standard","meta":{"activitypub_content_warning":"","activitypub_content_visibility":"","activitypub_max_image_attachments":3,"activitypub_interaction_policy_quote":"anyone","activitypub_status":"federated","footnotes":""},"categories":[1],"tags":[102,21,13],"class_list":["post-7574","post","type-post","status-publish","format-standard","hentry","category-sen-categoria","tag-15m","tag-economia","tag-politica"],"_links":{"self":[{"href":"https:\/\/blogs.amarinha.gal\/ribadeando\/wp-json\/wp\/v2\/posts\/7574","targetHints":{"allow":["GET"]}}],"collection":[{"href":"https:\/\/blogs.amarinha.gal\/ribadeando\/wp-json\/wp\/v2\/posts"}],"about":[{"href":"https:\/\/blogs.amarinha.gal\/ribadeando\/wp-json\/wp\/v2\/types\/post"}],"author":[{"embeddable":true,"href":"https:\/\/blogs.amarinha.gal\/ribadeando\/wp-json\/wp\/v2\/users\/3"}],"replies":[{"embeddable":true,"href":"https:\/\/blogs.amarinha.gal\/ribadeando\/wp-json\/wp\/v2\/comments?post=7574"}],"version-history":[{"count":0,"href":"https:\/\/blogs.amarinha.gal\/ribadeando\/wp-json\/wp\/v2\/posts\/7574\/revisions"}],"wp:attachment":[{"href":"https:\/\/blogs.amarinha.gal\/ribadeando\/wp-json\/wp\/v2\/media?parent=7574"}],"wp:term":[{"taxonomy":"category","embeddable":true,"href":"https:\/\/blogs.amarinha.gal\/ribadeando\/wp-json\/wp\/v2\/categories?post=7574"},{"taxonomy":"post_tag","embeddable":true,"href":"https:\/\/blogs.amarinha.gal\/ribadeando\/wp-json\/wp\/v2\/tags?post=7574"}],"curies":[{"name":"wp","href":"https:\/\/api.w.org\/{rel}","templated":true}]}}