{"id":7551,"date":"2012-04-16T08:11:00","date_gmt":"2012-04-16T06:11:00","guid":{"rendered":""},"modified":"2024-11-12T14:32:36","modified_gmt":"2024-11-12T13:32:36","slug":"voltas-co-titanic-unha-semellanza-coa","status":"publish","type":"post","link":"https:\/\/blogs.amarinha.gal\/ribadeando\/2012\/04\/16\/voltas-co-titanic-unha-semellanza-coa\/","title":{"rendered":"A voltas co Titanic. Unha semellanza coa actualidade"},"content":{"rendered":"<p>Xa pasou o centenario do afundimento do<a href=\"http:\/\/gl.wikipedia.org\/wiki\/Titanic\" target=\"_blank\" rel=\"noopener\"> Titanic<\/a> (foi onte), pero a realidade \u00e9 que seguimos a afundir o buque. Non s\u00f3 polas celebraci\u00f3ns correspondentes (en Ribadeo, por exemplo, cun \u00e1gape querendo imitar o \u00faltimo celebrado no barco) sen\u00f3n tam\u00e9n pola <a href=\"http:\/\/www.lavozdegalicia.es\/noticia\/sociedad\/2012\/04\/13\/seguridad-mar-sigue-sembrando-dudas-siglo-despues-titanic\/0003_201204G13P24991.htm?utm_source=buscavoz&amp;utm_medium=buscavoz\" target=\"_blank\" rel=\"noopener\">seguridade no mar<\/a> e por detalles como o tratamento dos pasaxeiros. As\u00ed, se collemos os datos que a edici\u00f3n papel da Voz tra\u00eda o venres, e en contra da <a href=\"http:\/\/www.lavozdegalicia.es\/noticia\/sociedad\/2012\/04\/13\/viajaba-norte-hubo-clasismo-salvamento\/0003_201204G13P25992.htm\" target=\"_blank\" rel=\"noopener\">entrevista a un especialista<\/a>, que afirma que non houbo clasismo no salvamento, obtemos:<\/p>\n<p><a href=\"https:\/\/blogger.googleusercontent.com\/img\/b\/R29vZ2xl\/AVvXsEh2eqd1AagR2UOM6Kqid3ff5gMvMJKA-Ss1PXuH3BZFYMnUTKA64mjPzkZOG4TrcVIpZer0IzizkP8qU5LDzg1O6FFBfrJukUIJNxVy3TIMphOGM0GCF7G2YZYo43lmJZWh_42h1Q\/s2048\/Titanic1.jpg\" imageanchor=\"1\" style=\"margin-left: 1em; margin-right: 1em;\"><img loading=\"lazy\" decoding=\"async\" height=\"178\" src=\"https:\/\/blogger.googleusercontent.com\/img\/b\/R29vZ2xl\/AVvXsEh2eqd1AagR2UOM6Kqid3ff5gMvMJKA-Ss1PXuH3BZFYMnUTKA64mjPzkZOG4TrcVIpZer0IzizkP8qU5LDzg1O6FFBfrJukUIJNxVy3TIMphOGM0GCF7G2YZYo43lmJZWh_42h1Q\/s2048\/Titanic1.jpg\" width=\"640\" \/><\/a><\/p>\n<p><a href=\"https:\/\/blogger.googleusercontent.com\/img\/b\/R29vZ2xl\/AVvXsEjXvCo53qfzYHaO8HzffGW2I9RXUu8XvWl7lfZdOdojnyqITBcnDMSl3Vvm5b-nZco17LdKXQWaceCJhpmsXxwegu4_sI14U-pvuTSiD8T4zPGjNbv7E3ZJAiQ3z70z-AT68WBtwA\/s2048\/Titanic2.jpg\" imageanchor=\"1\" style=\"margin-left: 1em; margin-right: 1em;\"><img loading=\"lazy\" decoding=\"async\" height=\"180\" src=\"https:\/\/blogger.googleusercontent.com\/img\/b\/R29vZ2xl\/AVvXsEjXvCo53qfzYHaO8HzffGW2I9RXUu8XvWl7lfZdOdojnyqITBcnDMSl3Vvm5b-nZco17LdKXQWaceCJhpmsXxwegu4_sI14U-pvuTSiD8T4zPGjNbv7E3ZJAiQ3z70z-AT68WBtwA\/s2048\/Titanic2.jpg\" width=\"640\" \/><\/a><\/p>\n<p>Evidentemente, as causas mistur\u00e1ronse, e non foi s\u00f3 pola diferente categor\u00eda dentro do barco (a\u00ednda que as causas que apunta o especialista entrevistado na Voz relaci\u00f3nanse coa clase social), pero vese claro que tanto en mulleres como en homes como no total, os privilexiados de 1\u00aa clase salv\u00e1ronse en moita maior proporci\u00f3n que os de 3\u00aa ou mesmo os de 2\u00aa.<\/p>\n<p>No Titanic que estamos a vivir co afundimento econ\u00f3mico e social, podemos establecer tam\u00e9n unha relaci\u00f3n semellante? Coido que os n\u00fameros ser\u00edan a\u00ednda m\u00e1is impactantes: \u00f3 fin, aqu\u00ed non parece estar habendo un salvamento m\u00ednimamente ordeado.<\/p>\n","protected":false},"excerpt":{"rendered":"<p>Xa pasou o centenario do afundimento do Titanic (foi onte), pero a realidade \u00e9 que seguimos a afundir o buque. Non s\u00f3 polas celebraci\u00f3ns correspondentes (en Ribadeo, por exemplo, cun \u00e1gape querendo imitar o \u00faltimo celebrado no barco) sen\u00f3n tam\u00e9n pola seguridade no mar e por detalles como o tratamento dos pasaxeiros. As\u00ed, se collemos [&hellip;]<\/p>\n","protected":false},"author":3,"featured_media":0,"comment_status":"open","ping_status":"closed","sticky":false,"template":"","format":"standard","meta":{"activitypub_content_warning":"","activitypub_content_visibility":"","activitypub_max_image_attachments":3,"activitypub_interaction_policy_quote":"anyone","activitypub_status":"federated","footnotes":""},"categories":[1],"tags":[21,9],"class_list":["post-7551","post","type-post","status-publish","format-standard","hentry","category-sen-categoria","tag-economia","tag-sociedade"],"_links":{"self":[{"href":"https:\/\/blogs.amarinha.gal\/ribadeando\/wp-json\/wp\/v2\/posts\/7551","targetHints":{"allow":["GET"]}}],"collection":[{"href":"https:\/\/blogs.amarinha.gal\/ribadeando\/wp-json\/wp\/v2\/posts"}],"about":[{"href":"https:\/\/blogs.amarinha.gal\/ribadeando\/wp-json\/wp\/v2\/types\/post"}],"author":[{"embeddable":true,"href":"https:\/\/blogs.amarinha.gal\/ribadeando\/wp-json\/wp\/v2\/users\/3"}],"replies":[{"embeddable":true,"href":"https:\/\/blogs.amarinha.gal\/ribadeando\/wp-json\/wp\/v2\/comments?post=7551"}],"version-history":[{"count":0,"href":"https:\/\/blogs.amarinha.gal\/ribadeando\/wp-json\/wp\/v2\/posts\/7551\/revisions"}],"wp:attachment":[{"href":"https:\/\/blogs.amarinha.gal\/ribadeando\/wp-json\/wp\/v2\/media?parent=7551"}],"wp:term":[{"taxonomy":"category","embeddable":true,"href":"https:\/\/blogs.amarinha.gal\/ribadeando\/wp-json\/wp\/v2\/categories?post=7551"},{"taxonomy":"post_tag","embeddable":true,"href":"https:\/\/blogs.amarinha.gal\/ribadeando\/wp-json\/wp\/v2\/tags?post=7551"}],"curies":[{"name":"wp","href":"https:\/\/api.w.org\/{rel}","templated":true}]}}