{"id":7523,"date":"2012-05-07T07:57:00","date_gmt":"2012-05-07T05:57:00","guid":{"rendered":""},"modified":"2024-11-12T14:31:46","modified_gmt":"2024-11-12T13:31:46","slug":"novas-relacionadas-con-ribadeo","status":"publish","type":"post","link":"https:\/\/blogs.amarinha.gal\/ribadeando\/2012\/05\/07\/novas-relacionadas-con-ribadeo\/","title":{"rendered":"Novas relacionadas con Ribadeo"},"content":{"rendered":"<p>Entre as novas deste fin de semana, destaca a nivel internacional a victoria de Hollande nas elecci\u00f3ns francesas, que xa ten xerado comentarios que en certo xeito lembr\u00e1ronme \u00f3 Premio Nobel de Obama, un premio dado antes de ganalo, polas expectativas. Con outra interpretaci\u00f3n, a victoria dos nacionalistas escoceses nas elecci\u00f3ns locais na s\u00faa terra tam\u00e9n indica algo nunha zona onde o nivel de autogoberno separado de Inglaterra \u00e9 escaso. M\u00e1is elecci\u00f3ns en Europa: <a href=\"http:\/\/elpais.com\/internacional\/2012\/05\/06\/actualidad\/1336298741_611890.html\" target=\"_blank\" rel=\"noopener\">en Grecia, dan un poder inusitado \u00e1 ultradereita neonazi, pero m\u00e1is \u00e1 esquerda radical<\/a>, en Alema\u00f1a <a href=\"http:\/\/elpais.com\/internacional\/2012\/05\/06\/actualidad\/1336304004_077343.html\" target=\"_blank\" rel=\"noopener\">os partidarios de Merkel posiblemente perdan outro land<\/a>,e <a href=\"http:\/\/elpais.com\/internacional\/2012\/05\/06\/actualidad\/1336315793_093205.html\" target=\"_blank\" rel=\"noopener\">en Serbia pasan de ir votar<\/a>.<\/p>\n<p>Mentras, m\u00e1is pr\u00f3ximo, do mesmo Ribadeo, elixir\u00eda tres novas. A primeira, dentro da familia socialista, o <a href=\"http:\/\/elprogreso.galiciae.com\/nova\/169309.html?lang=es\" target=\"_blank\" rel=\"noopener\">rexeitamento dentro da agrupaci\u00f3n ribadense da xesti\u00f3n de Ricardo Varela<\/a>. E destacar\u00edao non polo rexeitamento, sen\u00f3n m\u00e1si ben polo que non pon ou non comenta a nova (alomenos en internet). De sobra \u00e9 sabido que afiliado non significa votante, nin por cada afiliado hai un n\u00famero de votos fixo, pero cando unha formaci\u00f3n aumenta o n\u00famero de afiliados, soe corresponder cunha maior resposta electoral. E 27 afiliados participantes nunha votaci\u00f3n non parecen demasiados, a\u00ednda que si o son en comparaci\u00f3n coa representaci\u00f3n asamblearia doutras asociaci\u00f3ns non pol\u00edticas. Ben, adem\u00e1is, os apoios sa\u00edron en contra da postura da direcci\u00f3n local, da que hai que lembrar que non hai tanto tempo sa\u00edron elementos renovadores, enquist\u00e1ndose polo contrario algunha xente relacionada co poder dentro do agrupamento dende hai alg\u00fan tempo. O caso \u00e9 que con esto, os catro partidos no concello parecen ter os seus problemas de diverxencias (algo que parece natural), mentras que s\u00f3 un (ou dous, segundo a mirada) as te\u00f1en controladas para que sexa cuesti\u00f3n interna potencialmente enriquecedora, mentras que os outros dous manifestan dun xeito m\u00e1is ou menos p\u00fablico as s\u00faas liortas com problema interno.<\/p>\n<p>M\u00e1is, \u00e9 a primeira volta que vexo referido nun xornal a nivel estatal a un cient\u00edfico relacionado con Ribadeo. &#8216;<a href=\"http:\/\/ccaa.elpais.com\/ccaa\/2012\/05\/04\/galicia\/1336149455_190093.html\" target=\"_blank\" rel=\"noopener\">D\u00edaz-Fierros o el di\u00e1logo inteligencia sobre ciencia<\/a>&#8216; \u00e9 a referencia pioneira (na que non se menciona a Ribadeo). a dicir que non \u00e9 a primeira nova sobre Ribadeo con relevancia no plano cient\u00edfico, pois por exemplo, ten sa\u00eddo a relocer unhas cantas veces o <a href=\"http:\/\/webpesca.xunta.es\/web\/pesca\/centro?content=\/Pesca\/Contidos\/Centros\/centro_0001.html\" target=\"_blank\" rel=\"noopener\">Centro de Cultivos Mari\u00f1os de Ribadeo<\/a>, pero non te\u00f1o visto unha referencia persoal como entrevista a parte, polo conxunto da s\u00faa labor.<\/p>\n<p>A \u00faltima que quero rese\u00f1ar \u00e9 a <a href=\"http:\/\/ccaa.elpais.com\/ccaa\/2012\/05\/05\/galicia\/1336247629_656655.html\" target=\"_blank\" rel=\"noopener\">referencia a Garc\u00eda de Paredes<\/a>, directivo de Caixa Galicia que foi nomeado como donante da s\u00faa indemnizaci\u00f3n como directivo co cambio da caixa a banco, e as\u00ed quedou a cousa &#8230; pero non, parece que lle voltou a cordura e non s\u00f3 non doou a s\u00faa parte de mill\u00f3ns de indemnizaci\u00f3ns autoconcedidas pola directiva, sen\u00f3n que espera a\u00ednda outra aprte semellante \u00f3 cumprir a s\u00faa idade de xubilaci\u00f3n &#8216;aut\u00e9ntica&#8217;, a\u00ednda dentro duns cantos anos (nos que \u00e9 de supo\u00f1er que os avispados inxenuos afectados polas &#8216;participaci\u00f3ns preferentes&#8217; seguir\u00e1n a reclamar compensaci\u00f3n).<\/p>\n<p>Mentras, en Ribadeo tam\u00e9n se vai achegando a conmemoraci\u00f3n do 15M, a\u00ednda que se traslade d\u00eda e, sobre todo, se dera por morto xa varias veces \u00f3 movemento&#8230; como se dir\u00eda, este morto est\u00e1 abondo vivo.<\/p>\n","protected":false},"excerpt":{"rendered":"<p>Entre as novas deste fin de semana, destaca a nivel internacional a victoria de Hollande nas elecci\u00f3ns francesas, que xa ten xerado comentarios que en certo xeito lembr\u00e1ronme \u00f3 Premio Nobel de Obama, un premio dado antes de ganalo, polas expectativas. Con outra interpretaci\u00f3n, a victoria dos nacionalistas escoceses nas elecci\u00f3ns locais na s\u00faa terra [&hellip;]<\/p>\n","protected":false},"author":3,"featured_media":0,"comment_status":"open","ping_status":"closed","sticky":false,"template":"","format":"standard","meta":{"activitypub_content_warning":"","activitypub_content_visibility":"","activitypub_max_image_attachments":3,"activitypub_interaction_policy_quote":"anyone","activitypub_status":"federate","footnotes":""},"categories":[1],"tags":[102,21,13,9],"class_list":["post-7523","post","type-post","status-publish","format-standard","hentry","category-sen-categoria","tag-15m","tag-economia","tag-politica","tag-sociedade"],"_links":{"self":[{"href":"https:\/\/blogs.amarinha.gal\/ribadeando\/wp-json\/wp\/v2\/posts\/7523","targetHints":{"allow":["GET"]}}],"collection":[{"href":"https:\/\/blogs.amarinha.gal\/ribadeando\/wp-json\/wp\/v2\/posts"}],"about":[{"href":"https:\/\/blogs.amarinha.gal\/ribadeando\/wp-json\/wp\/v2\/types\/post"}],"author":[{"embeddable":true,"href":"https:\/\/blogs.amarinha.gal\/ribadeando\/wp-json\/wp\/v2\/users\/3"}],"replies":[{"embeddable":true,"href":"https:\/\/blogs.amarinha.gal\/ribadeando\/wp-json\/wp\/v2\/comments?post=7523"}],"version-history":[{"count":0,"href":"https:\/\/blogs.amarinha.gal\/ribadeando\/wp-json\/wp\/v2\/posts\/7523\/revisions"}],"wp:attachment":[{"href":"https:\/\/blogs.amarinha.gal\/ribadeando\/wp-json\/wp\/v2\/media?parent=7523"}],"wp:term":[{"taxonomy":"category","embeddable":true,"href":"https:\/\/blogs.amarinha.gal\/ribadeando\/wp-json\/wp\/v2\/categories?post=7523"},{"taxonomy":"post_tag","embeddable":true,"href":"https:\/\/blogs.amarinha.gal\/ribadeando\/wp-json\/wp\/v2\/tags?post=7523"}],"curies":[{"name":"wp","href":"https:\/\/api.w.org\/{rel}","templated":true}]}}