{"id":7519,"date":"2012-05-11T07:50:00","date_gmt":"2012-05-11T05:50:00","guid":{"rendered":""},"modified":"2024-11-12T14:31:34","modified_gmt":"2024-11-12T13:31:34","slug":"numerando-os-dias-actuando-neles11m-12m","status":"publish","type":"post","link":"https:\/\/blogs.amarinha.gal\/ribadeando\/2012\/05\/11\/numerando-os-dias-actuando-neles11m-12m\/","title":{"rendered":"numerando os d\u00edas, actuando neles.11M, 12M, 13M&#8230; &#8230;"},"content":{"rendered":"<p>12M<\/p>\n<p>Despois dun ano, as persoas do movemento 15m volveremos a sa\u00edr \u00e1s prazas nunha xornada de<br \/>\nmobilizaci\u00f3n global, ocupando un espazo que \u00e9 noso, das veci\u00f1as e veci\u00f1os. Non ser\u00e1 unha<br \/>\ncelebraci\u00f3n nost\u00e1lxica dos acontecementos do 2011, pero si unha maneira alegre de volver a estar<br \/>\nxuntas, para seguirmos pensando que mundo queremos; sabemos que outro mundo \u00e9 posible,<br \/>\natrev\u00e1monos a pensalo e a facelo entre todos. Recomezamos este s\u00e1bado 12 de maio, no Cant\u00f3n de<br \/>\nRibadeo \u00e1s 12 da ma\u00f1\u00e1 cunha concentraci\u00f3n, seguida dun xantar popular.<br \/>\nAsemblea 15M Occidente Asturiano- Mari\u00f1a Lucense<\/p>\n<table align=\"center\" cellpadding=\"0\" cellspacing=\"0\" class=\"tr-caption-container\" style=\"margin-left: auto; margin-right: auto; text-align: center;\">\n<tbody>\n<tr>\n<td style=\"text-align: center;\"><a href=\"http:\/\/a2.sphotos.ak.fbcdn.net\/hphotos-ak-snc7\/s720x720\/582167_10151019145408082_753698081_13273217_1604291358_n.jpg\" style=\"margin-left: auto; margin-right: auto;\"><img loading=\"lazy\" decoding=\"async\" height=\"640\" src=\"https:\/\/a2.sphotos.ak.fbcdn.net\/hphotos-ak-snc7\/s2048\/582167_10151019145408082_753698081_13273217_1604291358_n.jpg\" width=\"452\" \/><\/a><\/td>\n<\/tr>\n<tr>\n<td class=\"tr-caption\" style=\"text-align: center;\">Cartel do #12M15M<\/td>\n<\/tr>\n<\/tbody>\n<\/table>\n<p>&nbsp;E o 13M, mercado transparente-comercio xusto como comezo das actividades da semana<\/p>\n<p><a href=\"https:\/\/blogger.googleusercontent.com\/img\/b\/R29vZ2xl\/AVvXsEjcixB8puq1FoKCwYzP3iasHLXnvJ1Bm4dhUCtyAtR7c3kpUa8eQehHgqMLiIs6KfAET0iy1Zm2f-9mO5Ky9zG5Euw8jFedopk_48A042uL28zcl3lLopCCvi9YG5cPIgPicVbAOw\/s2048\/comercio-xusto.jpg\" style=\"margin-left: 1em; margin-right: 1em;\"><img loading=\"lazy\" decoding=\"async\" height=\"640\" src=\"https:\/\/blogger.googleusercontent.com\/img\/b\/R29vZ2xl\/AVvXsEjcixB8puq1FoKCwYzP3iasHLXnvJ1Bm4dhUCtyAtR7c3kpUa8eQehHgqMLiIs6KfAET0iy1Zm2f-9mO5Ky9zG5Euw8jFedopk_48A042uL28zcl3lLopCCvi9YG5cPIgPicVbAOw\/s2048\/comercio-xusto.jpg\" width=\"328\" \/><\/a><\/p>\n<p>AMARANTE Setem e o Sindicato Labrego Galego organiza en Ribadeo dendo o domingo 13 de maio ata o m\u00e9rcores 16, unha serie de activadedes entorno o Dia Internacional do Comercio Xusto, que se celebra o 12 de maio.<\/p>\n<p>Estas actividades se enmarcan dentro da Semana Galega de Comercio Xusto que co lema \u201cCaf\u00e9 con leite amargo. Fronte a PAC, Soberan\u00eda Alimentar e Comercio Xusto\u201d, a Asociaci\u00f3n AMARANTE Setem e o SINDICATO LABREGO GALEGO organizan en Santiago, Pontevedra e Ribadeo para visibilizar o impacto negativo das pol\u00edticas agrarias internacionais nos labregos e labregas e nas persoas consumidoras tanto no Norte, e en concreto en Galicia, como no Sur. E demandar outro modelo de comercio e consumo m\u00e1is respectuoso cas persoas labregas e produtoras, co medioambiente e coa sa\u00fade.<\/p>\n<p>A profundizaci\u00f3n dun mercado liberal onde as pol\u00edticas c\u00f3mplices dos gobernos apoian \u00e1s multinacionais da industria e da distribuci\u00f3n agroalimentaria est\u00e1n levando \u00e1 ru\u00edna a miles de explotaci\u00f3ns \u00f3 redor do mundo e ou mantendo na pobreza e a explotaci\u00f3n a miles de persoas.<\/p>\n<p>Adem\u00e1is de favorecer alimentos pouco saudables e a degradaci\u00f3n medioambiental en prol dos grandes beneficios coa repercusi\u00f3n que ten na sa\u00fade das persoas.<\/p>\n<p>Nestes momentos, as instituci\u00f3ns europeas, estatais e auton\u00f3micas est\u00e1n inmersas no proceso de debate para a reforma da pol\u00edtica agraria com\u00fan (PAC). \u00c9 un bo momento para po\u00f1er as bases para inverter a situaci\u00f3n e po\u00f1er en marcha unha nova no marco da Soberan\u00eda Alimentaria.<\/p>\n<p>O Comercio Xusto garante un prezo estable aos grupos produtores e superior ao do mercado, que non se produce explotaci\u00f3n laboral de nenos e nenas. O salario e as condici\u00f3ns laborais son equitativos para os traballadores e traballadoras, e pot\u00e9nciase a participaci\u00f3n da muller nos \u00f3rganos de decisi\u00f3n; e as t\u00e9cnicas de produci\u00f3n son ecol\u00f3xicas, non se empregan sustancias sint\u00e9ticas ou transx\u00e9nicas. Deste xeito, resp\u00e9ctanse os ciclos da terra e a sostibilidade do<\/p>\n<p>ambiente.<\/p>\n<p>ACTIVIDADES<\/p>\n<p>MERCADO TRANSPARENTE<\/p>\n<p>Ofreceranse produtos locais e de comercio xusto<\/p>\n<p>Domingo 13 de maio. Praza de Abastos<\/p>\n<p>Hora: 11:00-14:00 horas<\/p>\n<p>MESA REDONDA: \u201cSoberan\u00eda alimentaria. Multinacionais da alimentaci\u00f3n frente a comercio local\u201d<\/p>\n<p>Hora: 13:00 horas<\/p>\n<p>Participan: Amarante, Sindicato Labrego, produtoras locais e outros colectivos. Aberta \u00e1 participaci\u00f3n a calquera persoa interesada no tema.<\/p>\n<p>OBRADOIRO DE HIP HOP: \u201cComercio de armas. Cultura de Paz.\u201d \u00c1s 11:30 horas.<\/p>\n<p>CONFERENCIAS<\/p>\n<p>Martes 15 de Maio na Casa das Letras.<\/p>\n<p>Conferencia: \u201cA Pol\u00edtica Agraria Com\u00fan\u201d, co Sindicato Labrego Galego<\/p>\n<p>Hora: 20:30<\/p>\n<p>M\u00e9rcores, 16 de Maio na Casa das Letras.<\/p>\n<p>Conferencia: \u201cAs finanzas \u00e9ticas\u201d. Marta Rodr\u00edguez, FIARE GZ e Ram\u00f3n Carmelo COOP57 GZ<\/p>\n<p>Hora: \u00e1s 20:30<\/p>\n","protected":false},"excerpt":{"rendered":"<p>12M Despois dun ano, as persoas do movemento 15m volveremos a sa\u00edr \u00e1s prazas nunha xornada de mobilizaci\u00f3n global, ocupando un espazo que \u00e9 noso, das veci\u00f1as e veci\u00f1os. Non ser\u00e1 unha celebraci\u00f3n nost\u00e1lxica dos acontecementos do 2011, pero si unha maneira alegre de volver a estar xuntas, para seguirmos pensando que mundo queremos; sabemos [&hellip;]<\/p>\n","protected":false},"author":3,"featured_media":0,"comment_status":"open","ping_status":"closed","sticky":false,"template":"","format":"standard","meta":{"activitypub_content_warning":"","activitypub_content_visibility":"","activitypub_max_image_attachments":3,"activitypub_interaction_policy_quote":"anyone","activitypub_status":"federated","footnotes":""},"categories":[1],"tags":[102],"class_list":["post-7519","post","type-post","status-publish","format-standard","hentry","category-sen-categoria","tag-15m"],"_links":{"self":[{"href":"https:\/\/blogs.amarinha.gal\/ribadeando\/wp-json\/wp\/v2\/posts\/7519","targetHints":{"allow":["GET"]}}],"collection":[{"href":"https:\/\/blogs.amarinha.gal\/ribadeando\/wp-json\/wp\/v2\/posts"}],"about":[{"href":"https:\/\/blogs.amarinha.gal\/ribadeando\/wp-json\/wp\/v2\/types\/post"}],"author":[{"embeddable":true,"href":"https:\/\/blogs.amarinha.gal\/ribadeando\/wp-json\/wp\/v2\/users\/3"}],"replies":[{"embeddable":true,"href":"https:\/\/blogs.amarinha.gal\/ribadeando\/wp-json\/wp\/v2\/comments?post=7519"}],"version-history":[{"count":0,"href":"https:\/\/blogs.amarinha.gal\/ribadeando\/wp-json\/wp\/v2\/posts\/7519\/revisions"}],"wp:attachment":[{"href":"https:\/\/blogs.amarinha.gal\/ribadeando\/wp-json\/wp\/v2\/media?parent=7519"}],"wp:term":[{"taxonomy":"category","embeddable":true,"href":"https:\/\/blogs.amarinha.gal\/ribadeando\/wp-json\/wp\/v2\/categories?post=7519"},{"taxonomy":"post_tag","embeddable":true,"href":"https:\/\/blogs.amarinha.gal\/ribadeando\/wp-json\/wp\/v2\/tags?post=7519"}],"curies":[{"name":"wp","href":"https:\/\/api.w.org\/{rel}","templated":true}]}}