{"id":7518,"date":"2012-05-14T08:22:00","date_gmt":"2012-05-14T06:22:00","guid":{"rendered":""},"modified":"2024-11-12T14:31:33","modified_gmt":"2024-11-12T13:31:33","slug":"pasou-o-dia","status":"publish","type":"post","link":"https:\/\/blogs.amarinha.gal\/ribadeando\/2012\/05\/14\/pasou-o-dia\/","title":{"rendered":"Pasou o d\u00eda?"},"content":{"rendered":"<p>Remedando un dito, &#8216;Pasou o d\u00eda, pero non a romar\u00eda&#8217;. Coido que mellor unha imaxe, recortada dunha foto da colecci\u00f3n de Brocco Lee en Flickr, tomada en Atocha, Madrid. 12 de Maio 2012, que collo a traverso do blog do <a href=\"http:\/\/elangeldeolavide.blogspot.com.es\/2012\/05\/el-15m-de-las-cosas-de-la-politica-la.html\" target=\"_blank\" rel=\"noopener\">\u00c1ngel de Olavide<\/a> que animo a ler (<a href=\"http:\/\/creativecommons.org\/licenses\/by-sa\/2.0\/deed.gl\" target=\"_blank\" rel=\"noopener\">lic. da foto, atribuci\u00f3n-compartir igual xen\u00e9rica 2.0<\/a>):<\/p>\n<p><a href=\"https:\/\/blogger.googleusercontent.com\/img\/b\/R29vZ2xl\/AVvXsEhXARib4CSJOs-FQsipZ6Lm4bz8FzJr3ifIXUsiwO-0Czcet4SDDd43ZAaYHXnrQ3QF8TFM4qfpwQNgbu0azVjIwvVV4z3w5NlDkQfBoJRpxo8-1PX8sdYyJKAe7b7mOU2lMwuCqg\/s2048\/Brocco.jpg\" imageanchor=\"1\" style=\"margin-left: 1em; margin-right: 1em;\"><img loading=\"lazy\" decoding=\"async\" height=\"528\" src=\"https:\/\/blogger.googleusercontent.com\/img\/b\/R29vZ2xl\/AVvXsEhXARib4CSJOs-FQsipZ6Lm4bz8FzJr3ifIXUsiwO-0Czcet4SDDd43ZAaYHXnrQ3QF8TFM4qfpwQNgbu0azVjIwvVV4z3w5NlDkQfBoJRpxo8-1PX8sdYyJKAe7b7mOU2lMwuCqg\/s2048\/Brocco.jpg\" width=\"640\" \/><\/a><\/p>\n<p>Despois dun ano, a evoluci\u00f3n do 15M seguiu cami\u00f1os trillados, pero sen esmorecer, sen perder a lucidez, sen desaparecer. Si, eses cami\u00f1os &#8216;trillados&#8217; son os que o fixeron madurar, integrar as s\u00faas ideas nunha sociedade que hai un ano era diferente porque as v\u00eda de lun\u00e1ticos, e hoxe poden ser subversivas para alg\u00fans, pero variando mentras a concepci\u00f3n de perroflauta: p\u00f3dese usar a mesma verba, pero o concepto \u00e9 diferente.<\/p>\n<p>E ti, est\u00e1s disposto a deixar que a historia a marquen quen non est\u00e1 disposto a deixar un resquicio para ti nin para os teus fillos?<\/p>\n<p><a href=\"http:\/\/www.lavozdegalicia.es\/noticia\/amarina\/2012\/05\/12\/indignados-marina-occidente-asturiano-concentraron-ribadeo\/00031336841152873215903.htm\" target=\"_blank\" rel=\"noopener\">12m na Voz<\/a><\/p><\/p>\n","protected":false},"excerpt":{"rendered":"<p>Remedando un dito, &#8216;Pasou o d\u00eda, pero non a romar\u00eda&#8217;. Coido que mellor unha imaxe, recortada dunha foto da colecci\u00f3n de Brocco Lee en Flickr, tomada en Atocha, Madrid. 12 de Maio 2012, que collo a traverso do blog do \u00c1ngel de Olavide que animo a ler (lic. da foto, atribuci\u00f3n-compartir igual xen\u00e9rica 2.0): Despois [&hellip;]<\/p>\n","protected":false},"author":3,"featured_media":0,"comment_status":"open","ping_status":"closed","sticky":false,"template":"","format":"standard","meta":{"activitypub_content_warning":"","activitypub_content_visibility":"","activitypub_max_image_attachments":3,"activitypub_interaction_policy_quote":"anyone","activitypub_status":"federated","footnotes":""},"categories":[1],"tags":[102],"class_list":["post-7518","post","type-post","status-publish","format-standard","hentry","category-sen-categoria","tag-15m"],"_links":{"self":[{"href":"https:\/\/blogs.amarinha.gal\/ribadeando\/wp-json\/wp\/v2\/posts\/7518","targetHints":{"allow":["GET"]}}],"collection":[{"href":"https:\/\/blogs.amarinha.gal\/ribadeando\/wp-json\/wp\/v2\/posts"}],"about":[{"href":"https:\/\/blogs.amarinha.gal\/ribadeando\/wp-json\/wp\/v2\/types\/post"}],"author":[{"embeddable":true,"href":"https:\/\/blogs.amarinha.gal\/ribadeando\/wp-json\/wp\/v2\/users\/3"}],"replies":[{"embeddable":true,"href":"https:\/\/blogs.amarinha.gal\/ribadeando\/wp-json\/wp\/v2\/comments?post=7518"}],"version-history":[{"count":0,"href":"https:\/\/blogs.amarinha.gal\/ribadeando\/wp-json\/wp\/v2\/posts\/7518\/revisions"}],"wp:attachment":[{"href":"https:\/\/blogs.amarinha.gal\/ribadeando\/wp-json\/wp\/v2\/media?parent=7518"}],"wp:term":[{"taxonomy":"category","embeddable":true,"href":"https:\/\/blogs.amarinha.gal\/ribadeando\/wp-json\/wp\/v2\/categories?post=7518"},{"taxonomy":"post_tag","embeddable":true,"href":"https:\/\/blogs.amarinha.gal\/ribadeando\/wp-json\/wp\/v2\/tags?post=7518"}],"curies":[{"name":"wp","href":"https:\/\/api.w.org\/{rel}","templated":true}]}}