{"id":7508,"date":"2012-05-21T07:56:00","date_gmt":"2012-05-21T05:56:00","guid":{"rendered":""},"modified":"2024-11-12T14:31:17","modified_gmt":"2024-11-12T13:31:17","slug":"mellor-falemos-de-futbol","status":"publish","type":"post","link":"https:\/\/blogs.amarinha.gal\/ribadeando\/2012\/05\/21\/mellor-falemos-de-futbol\/","title":{"rendered":"Mellor, falemos de f\u00fatbol"},"content":{"rendered":"<p>Si, eso: mellor falemos de f\u00fatbol. \u00d3 fin, &#8216;as semanas m\u00e1is importantes para Espa\u00f1a&#8217; ve\u00f1en a coincidir co final da liga, quiz\u00e1is por casualidade. Pero nin por esas. Anunci\u00e1ronnos que semana tras semana ver\u00edamos novos &#8216;axustes&#8217;, pode que para meter medo e que foran m\u00e1is doados (cuesti\u00f3n de psicolox\u00eda social), pero se&nbsp; con eso se consegue o obxectivo \u00e9 a base de m\u00e1is pesimismo, cons\u00e9guese as\u00ed tam\u00e9n transmitir a imaxe de que todo vai peor antes que ocorra, e polo tanto, aumentan as probabilidades de que ocorra. As\u00ed pois, era preferible que a xente falara de f\u00fatbol por ganas que non sendo conscientes de que o \u00e9 para fuxir da realidade. E as circunstancias fabrican esa consciencia. E se o medo pode resultar beneficioso para que non haxa resistencia, o ter m\u00e1is medo, o p\u00e1nico, \u00e9 impredicible e polo tanto, incontrolable. Ata o f\u00fatbol pode ser xerme de revoluci\u00f3n.<\/p>\n<p>Onte algunha prensa tra\u00eda estat\u00edsticas sobre o apoio \u00f3 movemento 15M. O titular era que ti\u00f1a m\u00e1is apoio. O corpo da nova, os gr\u00e1ficos e a informaci\u00f3n sobre como se fixo a enquisa, a pouco que se pensara neles, daban para a d\u00fabida do t\u00edtulo. Non obstante, coido que non importa: o movemento est\u00e1 a permear a sociedade a\u00ednda que xente non este\u00f1a de acordo con el. O acordo, a toma de postura, pode vir despois de xeito r\u00e1pido, explosivo.<\/p>\n<p>E m\u00e1is al\u00f3, un pouco m\u00e1is al\u00f3 no tempo, a liga term\u00ednase. E pode haber un cambio brusco no que a xente pasa de irse cocendo lentamente sen resistencia, adormecida, \u00e1 consciencia de que est\u00e1 cocida, de que sempre a poden cocer m\u00e1is m\u00e1is mentras este\u00f1a viva, e de que non \u00e9 agradable. As revoluci\u00f3ns son para o ver\u00e1n, parodiando o t\u00edtulo dunha c\u00e9lebre pel\u00edcula espa\u00f1ola.<\/p>\n<p>25% de paro: a porcentaxe nos EEUU nos momentos \u00e1lxidos da gran depresi\u00f3n, e o punto no que aproximadamente nos atopamos en Espa\u00f1a. Pode que aqu\u00ed as redes familiares funcionen m\u00e1is que naquelas terras, pero o soporte de mantemento do conxunto ten un l\u00edmite, a propia rede familiar que amortece a ca\u00edda dos que xa est\u00e1n en desgraza fai que se movan menos cartos para cousas non b\u00e1sicas no conxunto, e adem\u00e1is, as promesas de dirixentes con obxectivo de po\u00f1er as cousas peor non levan m\u00e1is que cara abaixo. As novas de que Rajoy (coido que diferente de Raxoi, por certo) ve acabarse as posibilidades de acci\u00f3n mentras se convirte en m\u00e1is Merkelista que Merkel, ou que a xustiza leva cami\u00f1o da privatizaci\u00f3n que comezaron hai longo sanidade e educaci\u00f3n, fan que a gr\u00e1fica da evoluci\u00f3n que se espera sexa m\u00e1is inclinada a\u00ednda cara embaixo&#8230;<\/p>\n<p>Falemos de f\u00fatbol. O certo \u00e9 que non sei moito, pero xa aprenderei. \u00d3 fin, quen non xugou co bal\u00f3n de pequeno?<\/p>\n","protected":false},"excerpt":{"rendered":"<p>Si, eso: mellor falemos de f\u00fatbol. \u00d3 fin, &#8216;as semanas m\u00e1is importantes para Espa\u00f1a&#8217; ve\u00f1en a coincidir co final da liga, quiz\u00e1is por casualidade. Pero nin por esas. Anunci\u00e1ronnos que semana tras semana ver\u00edamos novos &#8216;axustes&#8217;, pode que para meter medo e que foran m\u00e1is doados (cuesti\u00f3n de psicolox\u00eda social), pero se&nbsp; con eso se [&hellip;]<\/p>\n","protected":false},"author":3,"featured_media":0,"comment_status":"open","ping_status":"closed","sticky":false,"template":"","format":"standard","meta":{"activitypub_content_warning":"","activitypub_content_visibility":"","activitypub_max_image_attachments":3,"activitypub_interaction_policy_quote":"anyone","activitypub_status":"federated","footnotes":""},"categories":[1],"tags":[102,21,13,9],"class_list":["post-7508","post","type-post","status-publish","format-standard","hentry","category-sen-categoria","tag-15m","tag-economia","tag-politica","tag-sociedade"],"_links":{"self":[{"href":"https:\/\/blogs.amarinha.gal\/ribadeando\/wp-json\/wp\/v2\/posts\/7508","targetHints":{"allow":["GET"]}}],"collection":[{"href":"https:\/\/blogs.amarinha.gal\/ribadeando\/wp-json\/wp\/v2\/posts"}],"about":[{"href":"https:\/\/blogs.amarinha.gal\/ribadeando\/wp-json\/wp\/v2\/types\/post"}],"author":[{"embeddable":true,"href":"https:\/\/blogs.amarinha.gal\/ribadeando\/wp-json\/wp\/v2\/users\/3"}],"replies":[{"embeddable":true,"href":"https:\/\/blogs.amarinha.gal\/ribadeando\/wp-json\/wp\/v2\/comments?post=7508"}],"version-history":[{"count":0,"href":"https:\/\/blogs.amarinha.gal\/ribadeando\/wp-json\/wp\/v2\/posts\/7508\/revisions"}],"wp:attachment":[{"href":"https:\/\/blogs.amarinha.gal\/ribadeando\/wp-json\/wp\/v2\/media?parent=7508"}],"wp:term":[{"taxonomy":"category","embeddable":true,"href":"https:\/\/blogs.amarinha.gal\/ribadeando\/wp-json\/wp\/v2\/categories?post=7508"},{"taxonomy":"post_tag","embeddable":true,"href":"https:\/\/blogs.amarinha.gal\/ribadeando\/wp-json\/wp\/v2\/tags?post=7508"}],"curies":[{"name":"wp","href":"https:\/\/api.w.org\/{rel}","templated":true}]}}