{"id":7502,"date":"2012-05-28T08:13:00","date_gmt":"2012-05-28T06:13:00","guid":{"rendered":""},"modified":"2024-11-12T14:31:07","modified_gmt":"2024-11-12T13:31:07","slug":"partidos-partidos","status":"publish","type":"post","link":"https:\/\/blogs.amarinha.gal\/ribadeando\/2012\/05\/28\/partidos-partidos\/","title":{"rendered":"Partidos partidos"},"content":{"rendered":"<p>Semana aciaga para alg\u00fans partidos de Ribadeo. Ben, quiz\u00e1is aciaga non sexa a palabra, porque tam\u00e9n abriu portas de esperanza, pero cabe distinguir que os partidos \u00f3s que me refiro non foron os que protagonizaron os encontros de veteranos que produxo o campionato internacional (1 equipo do Reino Unido e 2 de Portugal) que inundou a vila esta fin de semana, sen\u00f3n \u00f3s partidos pol\u00edticos.<\/p>\n<p>E \u00e9 que mentras UPRi como partido segue desaparecido, e o BNG non deixa traslocer nin fisura nin acordo tras a rotura a nivel galego e mesmo non di palabra fronte a reorganizaci\u00f3n de forzas alternativas, os \u00faltimos d\u00edas si marcaron diferenzas no PP e PSOE.<\/p>\n<p>No PP, a existencia dunha xestora que pasa a tomar o mando local leva \u00e1 intervenci\u00f3n do aparello provincial para facer sa\u00edr dita xestora. Quiz\u00e1is sexa algo norma na vida dalgunha das agrupaci\u00f3ns locais, pero nun concello de 10 000 habitantes que se solucione dende f\u00f3ra po\u00f1er punto a unha situaci\u00f3n determinada non \u00e9 doado de encaixar. M\u00e1xime cando portavoz e concelleiros e concelleiras electos non aparecen en primeiro termo na xestora, e m\u00e1is a\u00ednda se cabe despois de haberse manifestado con anterioridade alg\u00fans puntos obscuros para os observadores de f\u00f3ra do partido, como o pulso entre afiliados e estrutura para que M. Val\u00edn sa\u00edra como candidato nas \u00faltimas elecci\u00f3ns. Quiz\u00e1si soe moi forte dicir que a agrupaci\u00f3n local foi intervenida pola estrutura provincial, pero dalg\u00fan xeito, as\u00ed o \u00e9 nun caso como este.<\/p>\n<p>No PSOE, esta fin de semana foi a xuntanza para a elecci\u00f3n de cargos na nova directiva provincial. 59 cargos, 5 mari\u00f1anos. Non \u00e9 que se te\u00f1an que distribu\u00edr proporcionalmente os cargos, pero para unha poboaci\u00f3n que representa 1\/4 da provincia, que se asignen 1\/12 dos cargos, dende f\u00f3ra parece algo desproporcionado. E que entre eles non haxa ningu\u00e9n de Ribadeo tam\u00e9n incumpre a proporcionalidade estat\u00edstica en canto a poboaci\u00f3n, se ben non tanto en canto a votantes. Unha certificaci\u00f3n m\u00e1is de que a agrupaci\u00f3n socialista de Ribadeo viviu tempos mellores. A lembrar neste caso os \u00faltimos movementos de renovaci\u00f3n que saltaron \u00e1 prensa, fallidos polo momento.<\/p>\n<p>Son consciente que dende dentro das estruturas as cousas vense diferente que dende f\u00f3ra, coa pouca informaci\u00f3n que chega. Pero \u00e9 que resulta que a maior\u00eda de xente est\u00e1 f\u00f3ra desas estruturas &#8230; a\u00ednda que se vexa influenciada na s\u00faa vida, e moito, polo que se deu en chamar &#8216;partidos pol\u00edticos&#8217;. Nestes casos, m\u00e1is &#8216;partidos&#8217; que &#8216;pol\u00edticos&#8217;.<\/p>\n","protected":false},"excerpt":{"rendered":"<p>Semana aciaga para alg\u00fans partidos de Ribadeo. Ben, quiz\u00e1is aciaga non sexa a palabra, porque tam\u00e9n abriu portas de esperanza, pero cabe distinguir que os partidos \u00f3s que me refiro non foron os que protagonizaron os encontros de veteranos que produxo o campionato internacional (1 equipo do Reino Unido e 2 de Portugal) que inundou [&hellip;]<\/p>\n","protected":false},"author":3,"featured_media":0,"comment_status":"open","ping_status":"closed","sticky":false,"template":"","format":"standard","meta":{"activitypub_content_warning":"","activitypub_content_visibility":"","activitypub_max_image_attachments":3,"activitypub_interaction_policy_quote":"anyone","activitypub_status":"federated","footnotes":""},"categories":[1],"tags":[13],"class_list":["post-7502","post","type-post","status-publish","format-standard","hentry","category-sen-categoria","tag-politica"],"_links":{"self":[{"href":"https:\/\/blogs.amarinha.gal\/ribadeando\/wp-json\/wp\/v2\/posts\/7502","targetHints":{"allow":["GET"]}}],"collection":[{"href":"https:\/\/blogs.amarinha.gal\/ribadeando\/wp-json\/wp\/v2\/posts"}],"about":[{"href":"https:\/\/blogs.amarinha.gal\/ribadeando\/wp-json\/wp\/v2\/types\/post"}],"author":[{"embeddable":true,"href":"https:\/\/blogs.amarinha.gal\/ribadeando\/wp-json\/wp\/v2\/users\/3"}],"replies":[{"embeddable":true,"href":"https:\/\/blogs.amarinha.gal\/ribadeando\/wp-json\/wp\/v2\/comments?post=7502"}],"version-history":[{"count":0,"href":"https:\/\/blogs.amarinha.gal\/ribadeando\/wp-json\/wp\/v2\/posts\/7502\/revisions"}],"wp:attachment":[{"href":"https:\/\/blogs.amarinha.gal\/ribadeando\/wp-json\/wp\/v2\/media?parent=7502"}],"wp:term":[{"taxonomy":"category","embeddable":true,"href":"https:\/\/blogs.amarinha.gal\/ribadeando\/wp-json\/wp\/v2\/categories?post=7502"},{"taxonomy":"post_tag","embeddable":true,"href":"https:\/\/blogs.amarinha.gal\/ribadeando\/wp-json\/wp\/v2\/tags?post=7502"}],"curies":[{"name":"wp","href":"https:\/\/api.w.org\/{rel}","templated":true}]}}