{"id":7500,"date":"2012-05-30T07:38:00","date_gmt":"2012-05-30T05:38:00","guid":{"rendered":""},"modified":"2024-11-12T14:30:59","modified_gmt":"2024-11-12T13:30:59","slug":"un-paso-mais","status":"publish","type":"post","link":"https:\/\/blogs.amarinha.gal\/ribadeando\/2012\/05\/30\/un-paso-mais\/","title":{"rendered":"Un paso m\u00e1is"},"content":{"rendered":"<p>Non aporta moito novo \u00f3 di\u00e1logo a portada de hoxe de A Mari\u00f1a\/El Progreso que deixo abaixo, nin o <a href=\"http:\/\/www.lavozdegalicia.es\/noticia\/amarina\/2012\/05\/30\/pp-busca-poner-orden-cese-andina-ribadeo\/0003_201205X30C5997.htm\" target=\"_blank\" rel=\"noopener\">artigo na Mari\u00f1a\/La Voz de Galicia<\/a>. Si bota <a href=\"http:\/\/ribadeando.blogspot.com.es\/2012\/05\/partidos-partidos.html\" target=\"_blank\" rel=\"noopener\">le\u00f1a \u00f3 lume<\/a> &#8230;<\/p>\n<p><a href=\"http:\/\/a7.sphotos.ak.fbcdn.net\/hphotos-ak-ash3\/539959_307282006023119_1689626746_n.jpg\" imageanchor=\"1\" style=\"margin-left: 1em; margin-right: 1em;\"><img loading=\"lazy\" decoding=\"async\" height=\"640\" src=\"http:\/\/a7.sphotos.ak.fbcdn.net\/hphotos-ak-ash3\/539959_307282006023119_1689626746_n.jpg\" width=\"473\" \/><\/a><\/p>\n","protected":false},"excerpt":{"rendered":"<p>Non aporta moito novo \u00f3 di\u00e1logo a portada de hoxe de A Mari\u00f1a\/El Progreso que deixo abaixo, nin o artigo na Mari\u00f1a\/La Voz de Galicia. Si bota le\u00f1a \u00f3 lume &#8230;<\/p>\n","protected":false},"author":3,"featured_media":0,"comment_status":"open","ping_status":"closed","sticky":false,"template":"","format":"standard","meta":{"activitypub_content_warning":"","activitypub_content_visibility":"","activitypub_max_image_attachments":3,"activitypub_interaction_policy_quote":"anyone","activitypub_status":"federate","footnotes":""},"categories":[1],"tags":[13],"class_list":["post-7500","post","type-post","status-publish","format-standard","hentry","category-sen-categoria","tag-politica"],"_links":{"self":[{"href":"https:\/\/blogs.amarinha.gal\/ribadeando\/wp-json\/wp\/v2\/posts\/7500","targetHints":{"allow":["GET"]}}],"collection":[{"href":"https:\/\/blogs.amarinha.gal\/ribadeando\/wp-json\/wp\/v2\/posts"}],"about":[{"href":"https:\/\/blogs.amarinha.gal\/ribadeando\/wp-json\/wp\/v2\/types\/post"}],"author":[{"embeddable":true,"href":"https:\/\/blogs.amarinha.gal\/ribadeando\/wp-json\/wp\/v2\/users\/3"}],"replies":[{"embeddable":true,"href":"https:\/\/blogs.amarinha.gal\/ribadeando\/wp-json\/wp\/v2\/comments?post=7500"}],"version-history":[{"count":0,"href":"https:\/\/blogs.amarinha.gal\/ribadeando\/wp-json\/wp\/v2\/posts\/7500\/revisions"}],"wp:attachment":[{"href":"https:\/\/blogs.amarinha.gal\/ribadeando\/wp-json\/wp\/v2\/media?parent=7500"}],"wp:term":[{"taxonomy":"category","embeddable":true,"href":"https:\/\/blogs.amarinha.gal\/ribadeando\/wp-json\/wp\/v2\/categories?post=7500"},{"taxonomy":"post_tag","embeddable":true,"href":"https:\/\/blogs.amarinha.gal\/ribadeando\/wp-json\/wp\/v2\/tags?post=7500"}],"curies":[{"name":"wp","href":"https:\/\/api.w.org\/{rel}","templated":true}]}}