{"id":7495,"date":"2012-06-01T08:08:00","date_gmt":"2012-06-01T06:08:00","guid":{"rendered":""},"modified":"2024-11-12T14:30:51","modified_gmt":"2024-11-12T13:30:51","slug":"hipnotismo-de-masas","status":"publish","type":"post","link":"https:\/\/blogs.amarinha.gal\/ribadeando\/2012\/06\/01\/hipnotismo-de-masas\/","title":{"rendered":"Hipnotismo de masas"},"content":{"rendered":"<p>As imaxes psicod\u00e9licas da televisi\u00f3n levan a un mundo de desprendemento da propia conciencia onde a realidade queda como un case invisible trazo tenue &#8230; Parece que vai comezar alg\u00fan campionato de f\u00fatbol.<\/p>\n<p><a href=\"https:\/\/blogger.googleusercontent.com\/img\/b\/R29vZ2xl\/AVvXsEhwgJA0CsazklA0puBLVAkXePxUTc3fdMDDd7n-hVd_X5vi0HQ507A2elwkA7sFEcyjw3nBeuz88tPBTZjC0L_Ep35aJGp_-ZDQm5XsEzdqOSzXavIiChCYdAhp1BVDFWVDnUqkpA\/s2048\/hipnotismo+de+masas.jpg\" imageanchor=\"1\" style=\"margin-left: 1em; margin-right: 1em;\"><img loading=\"lazy\" decoding=\"async\" height=\"320\" src=\"https:\/\/blogger.googleusercontent.com\/img\/b\/R29vZ2xl\/AVvXsEhwgJA0CsazklA0puBLVAkXePxUTc3fdMDDd7n-hVd_X5vi0HQ507A2elwkA7sFEcyjw3nBeuz88tPBTZjC0L_Ep35aJGp_-ZDQm5XsEzdqOSzXavIiChCYdAhp1BVDFWVDnUqkpA\/s2048\/hipnotismo+de+masas.jpg\" width=\"640\" \/><\/a><\/p>\n<p>Nota: a distinguir entre ver f\u00fatbol, gostar do f\u00fatbol, xogar \u00f3 f\u00fatbol, desfrutar co f\u00fatbol, vivir o futbol, vivir do f\u00fatbol, vivir co f\u00fatbol, &#8230; etc<\/p>\n","protected":false},"excerpt":{"rendered":"<p>As imaxes psicod\u00e9licas da televisi\u00f3n levan a un mundo de desprendemento da propia conciencia onde a realidade queda como un case invisible trazo tenue &#8230; Parece que vai comezar alg\u00fan campionato de f\u00fatbol. Nota: a distinguir entre ver f\u00fatbol, gostar do f\u00fatbol, xogar \u00f3 f\u00fatbol, desfrutar co f\u00fatbol, vivir o futbol, vivir do f\u00fatbol, vivir [&hellip;]<\/p>\n","protected":false},"author":3,"featured_media":0,"comment_status":"open","ping_status":"closed","sticky":false,"template":"","format":"standard","meta":{"activitypub_content_warning":"","activitypub_content_visibility":"","activitypub_max_image_attachments":3,"activitypub_interaction_policy_quote":"anyone","activitypub_status":"federated","footnotes":""},"categories":[1],"tags":[32],"class_list":["post-7495","post","type-post","status-publish","format-standard","hentry","category-sen-categoria","tag-filosofia"],"_links":{"self":[{"href":"https:\/\/blogs.amarinha.gal\/ribadeando\/wp-json\/wp\/v2\/posts\/7495","targetHints":{"allow":["GET"]}}],"collection":[{"href":"https:\/\/blogs.amarinha.gal\/ribadeando\/wp-json\/wp\/v2\/posts"}],"about":[{"href":"https:\/\/blogs.amarinha.gal\/ribadeando\/wp-json\/wp\/v2\/types\/post"}],"author":[{"embeddable":true,"href":"https:\/\/blogs.amarinha.gal\/ribadeando\/wp-json\/wp\/v2\/users\/3"}],"replies":[{"embeddable":true,"href":"https:\/\/blogs.amarinha.gal\/ribadeando\/wp-json\/wp\/v2\/comments?post=7495"}],"version-history":[{"count":0,"href":"https:\/\/blogs.amarinha.gal\/ribadeando\/wp-json\/wp\/v2\/posts\/7495\/revisions"}],"wp:attachment":[{"href":"https:\/\/blogs.amarinha.gal\/ribadeando\/wp-json\/wp\/v2\/media?parent=7495"}],"wp:term":[{"taxonomy":"category","embeddable":true,"href":"https:\/\/blogs.amarinha.gal\/ribadeando\/wp-json\/wp\/v2\/categories?post=7495"},{"taxonomy":"post_tag","embeddable":true,"href":"https:\/\/blogs.amarinha.gal\/ribadeando\/wp-json\/wp\/v2\/tags?post=7495"}],"curies":[{"name":"wp","href":"https:\/\/api.w.org\/{rel}","templated":true}]}}