{"id":7474,"date":"2012-06-15T07:56:00","date_gmt":"2012-06-15T05:56:00","guid":{"rendered":""},"modified":"2024-11-12T14:30:11","modified_gmt":"2024-11-12T13:30:11","slug":"xornal-dixital-porta-norte","status":"publish","type":"post","link":"https:\/\/blogs.amarinha.gal\/ribadeando\/2012\/06\/15\/xornal-dixital-porta-norte\/","title":{"rendered":"Xornal dixital Porta Norte"},"content":{"rendered":"<p>Onte asist\u00edn a unha pequena xuntanza. Tivera orixe en internet d\u00edas antes, artellando unha idea cun pequeno desenrolo pero posibilidades de gran potencial: a creaci\u00f3n dun xornal dixital en Ribadedo.<\/p>\n<p>Asist\u00edn m\u00e1is que participei. Fago a distinci\u00f3n porque o mesmo que hab\u00eda m\u00e1is xente na lista da que participou \u00f3 final, o compromiso dos que al\u00ed estabamos marcou unha diferenza que me deixou nun segundo plano.<\/p>\n<p>Tivo orixe en internet? As ideas te\u00f1en orixe nas testas, non en internet. Pero internet pode ser o medio tanto de que as testas cheguen a ter algunhas ideas como para o seu posterior desenvolvemento. Fai falta moito tempo para desenvoltar unha idea? Depende, pero en colaboraci\u00f3n a cousa pode desenvoltarse m\u00e1is r\u00e1pido. \u00c9 m\u00e1is, quen da acubillo \u00e1s ideas, polo desenvolvemento colaborativo pode pasar nun tempo m\u00e1is curto de ser un inexperto nun grupo heterox\u00e9neo a ser experto dentro dun equipo de expertos. E algo as\u00ed se lle pode augurar \u00e1 iniciativa que agora comento, que hai un par de d\u00edas non ti\u00f1a m\u00e1is que unha idea medio borrosa de obxectivo, alg\u00fans bocetos de logotipo e varios posbiles nomes. Hoxe os obxectivos est\u00e1n claros, o que non quere dicir que non podan sufrir mutaci\u00f3n posterior. O nome est\u00e1 no t\u00edtulo deste post e o logotipo foi elexido. Pero tam\u00e9n a perioricidade, semanal, o esbozo da difusi\u00f3n na rede e f\u00f3ra dela, as secci\u00f3ns e a s\u00faa definici\u00f3n, os encargados das mesmas secci\u00f3ns, os contactos primeiros para botar a andar, o formato, &#8230;<\/p>\n<p>Pequeno desenrolo, gran potencial &#8230; o potencial est\u00e1 sempre a\u00ed, pero se non se chega a un desenvolvemento adecuado a tempo, o mesmo potencial pode ser adxudicado a outros desenrolos. Aqu\u00ed, o de &#8216;pequeno&#8217; era antes da xuntanza de onte. Coido que al\u00ed p\u00faxose p\u00e9 noutro escal\u00f3n, achegando posibilidades a potencial. Quiz\u00e1is deba aclarar d\u00faas cousas. A primeira, que a mesma ma\u00f1\u00e1 contactaron comigo outras xentes para tentar (elas) facer unha web cunha idea ata certo punto parecida, m\u00e1is precisa pero m\u00e1is reducida, o que da idea de que &#8216;nicho&#8217; para estas cousas h\u00e1ino e a xente est\u00e1se a decatar. A segunda, que a\u00ednda que na actualidade existe un medio semanal en papel, a Comarca, que se a idea en internet funciona se vai a ver afectado, o novo medio non pode verse como competencia directa do anterior, sen\u00f3n m\u00e1is ben indirecta, \u00f3 corresponder a soportes diferentes, obxectivos entendo que diversos ou posibilidades futuras tam\u00e9n sen relaci\u00f3n.<\/p>\n<p>Ben, polo momento, a\u00ednda queda alg\u00fan recorrido temporal ata que a idea se po\u00f1a en marcha. Non moito, a dinamicidade da xente nova que est\u00e1 detr\u00e1s as\u00ed o augura.<\/p>\n","protected":false},"excerpt":{"rendered":"<p>Onte asist\u00edn a unha pequena xuntanza. Tivera orixe en internet d\u00edas antes, artellando unha idea cun pequeno desenrolo pero posibilidades de gran potencial: a creaci\u00f3n dun xornal dixital en Ribadedo. Asist\u00edn m\u00e1is que participei. Fago a distinci\u00f3n porque o mesmo que hab\u00eda m\u00e1is xente na lista da que participou \u00f3 final, o compromiso dos que [&hellip;]<\/p>\n","protected":false},"author":3,"featured_media":0,"comment_status":"open","ping_status":"closed","sticky":false,"template":"","format":"standard","meta":{"activitypub_content_warning":"","activitypub_content_visibility":"","activitypub_max_image_attachments":3,"activitypub_interaction_policy_quote":"anyone","activitypub_status":"federated","footnotes":""},"categories":[1],"tags":[32,9],"class_list":["post-7474","post","type-post","status-publish","format-standard","hentry","category-sen-categoria","tag-filosofia","tag-sociedade"],"_links":{"self":[{"href":"https:\/\/blogs.amarinha.gal\/ribadeando\/wp-json\/wp\/v2\/posts\/7474","targetHints":{"allow":["GET"]}}],"collection":[{"href":"https:\/\/blogs.amarinha.gal\/ribadeando\/wp-json\/wp\/v2\/posts"}],"about":[{"href":"https:\/\/blogs.amarinha.gal\/ribadeando\/wp-json\/wp\/v2\/types\/post"}],"author":[{"embeddable":true,"href":"https:\/\/blogs.amarinha.gal\/ribadeando\/wp-json\/wp\/v2\/users\/3"}],"replies":[{"embeddable":true,"href":"https:\/\/blogs.amarinha.gal\/ribadeando\/wp-json\/wp\/v2\/comments?post=7474"}],"version-history":[{"count":0,"href":"https:\/\/blogs.amarinha.gal\/ribadeando\/wp-json\/wp\/v2\/posts\/7474\/revisions"}],"wp:attachment":[{"href":"https:\/\/blogs.amarinha.gal\/ribadeando\/wp-json\/wp\/v2\/media?parent=7474"}],"wp:term":[{"taxonomy":"category","embeddable":true,"href":"https:\/\/blogs.amarinha.gal\/ribadeando\/wp-json\/wp\/v2\/categories?post=7474"},{"taxonomy":"post_tag","embeddable":true,"href":"https:\/\/blogs.amarinha.gal\/ribadeando\/wp-json\/wp\/v2\/tags?post=7474"}],"curies":[{"name":"wp","href":"https:\/\/api.w.org\/{rel}","templated":true}]}}