{"id":7472,"date":"2012-06-18T08:07:00","date_gmt":"2012-06-18T06:07:00","guid":{"rendered":""},"modified":"2024-11-12T14:30:08","modified_gmt":"2024-11-12T13:30:08","slug":"respiro-aliviado-syriza-no-ha-ganado","status":"publish","type":"post","link":"https:\/\/blogs.amarinha.gal\/ribadeando\/2012\/06\/18\/respiro-aliviado-syriza-no-ha-ganado\/","title":{"rendered":"Respiro aliviado, Syriza no ha ganado!"},"content":{"rendered":"<p>A pr\u00e1ctica toalidade de medios informativos que chegan a Ribadeo<br \/>\nf\u00e1nno en castel\u00e1n. O titular debe tomarse ent\u00f3n como un ripio nunha<br \/>\ntraslaci\u00f3n doutro (titular e posible ripio) correspondente a un medio<br \/>\nficticio falando sobre as elecci\u00f3ns gregas. Como complemento, d\u00faas<br \/>\nligaz\u00f3ns a un par de blogs -non ficticios- con entradas relacionada. Un,<br \/>\n sobre o <a href=\"http:\/\/www.escolar.net\/MT\/archives\/2012\/05\/el-programa-de-la-izquierda-radical-griega.html\" target=\"_blank\" rel=\"noopener\">programa do que se deu en chamar &#8216;partido de esquerda radical grega&#8217;, Syriza<\/a>. O outro, sobre a <a href=\"http:\/\/pensando15m.blogspot.com.es\/2012\/06\/grecia-y-la-democracia-que-solo-vale.html\" target=\"_blank\" rel=\"noopener\">percepci\u00f3n de democracia mediatizada en relaci\u00f3n coas elecci\u00f3ns gregas<\/a>.<\/p>\n<p>\u00d3<br \/>\n resultado da para pensar moito, se se quere facer. Comezando pola perda<br \/>\n de votos dos partidos tradicionais xa nas pasadas elecci\u00f3ns<br \/>\nlexislativas gregas, o martilleo de novas para dirixir o voto,<br \/>\nescorrent\u00e1ndoo de certas li\u00f1as pol\u00edticas xa que non se pod\u00eda facer<br \/>\nplausiblemente carret\u00e1ndoo para as outras, furtando o debate sobre o<br \/>\nsecuestro da vontade popular dende a imposici\u00f3n da UE-FMI-BCE ou mesmo o<br \/>\n considerar todo xa atado e ben atado cando se falan de porcentaxes &#8211;<a href=\"http:\/\/internacional.elpais.com\/internacional\/2012\/06\/17\/actualidad\/1339926249_538416.html\" target=\"_blank\" rel=\"noopener\">datos de El Pa\u00eds<\/a>&#8211;<br \/>\n de menos do 30% da dereita &#8216;tradicional&#8217; Nueva Democracia (129<br \/>\nescanos, \u00f3 coller os 50 + de &#8216;prima&#8217; \u00f3 partido m\u00e1is votado, algo moi &#8216;democr\u00e1tico&#8217;); de case o 27% de Syriza (71); algo m\u00e1is do 12% do Pasok (33);<br \/>\n 7% Gregos Independentes (20); 7% Aurora Dorada (18); 6% Esquerda<br \/>\nDemocr\u00e1tica (17), onde as vellas forzas pol\u00edticas &#8216;m\u00e1is centradas&#8217;<br \/>\nter\u00edan que pactar para facerse cunha c\u00f3moda maior\u00eda (a maior\u00eda est\u00e1 en<br \/>\n151 escanos).<\/p>\n<p>Quedan f\u00f3ra case de escea a vitoria sobrada de<br \/>\nmaior\u00eda dos socialistas franceses nas lexislativas do seu pa\u00eds (unhas 5<br \/>\nveces m\u00e1is poboaci\u00f3n e 10 producci\u00f3n), ou as presidenciacias exipcias,<br \/>\ncon m\u00e1is poboaci\u00f3n a\u00ednda, pero con menor porducci\u00f3n que Francia, que<br \/>\nculminan polo momento un proceso que se deu en chamar revolucionario e<br \/>\nno que o candidato relixioso mellor posicionado foi o que chegou \u00e1 meta<br \/>\naproveitando unha revoluci\u00f3n da que o motivo non foi a relixi\u00f3n.<\/p>\n<p>Tam\u00e9n<br \/>\n queda f\u00f3ra de escea polo momento, e de xeito sorprendente, que o<br \/>\nparlamento grego, isto \u00e9, dun pa\u00eds coa quinta parte da poboaci\u00f3n que<br \/>\nEspa\u00f1a, te\u00f1a 300 representantes, abondo m\u00e1is per c\u00e1pita que por estes<br \/>\nlares (non tanto se se suman os auton\u00f3micos \u00f3 Congreso e Senado).<\/p>\n<p>Tampouco<br \/>\n se di moito de que Merkel lles pase a man polo lombo \u00f3s gregos despois<br \/>\ndas elecci\u00f3ns dicindo algo as\u00ed como que se lles pode dulcificar algo o<br \/>\npr\u00f3ximo futuro -pero sen arriscar nada concreto-.<\/p>\n<p>En fin, unhas elecci\u00f3ns m\u00e1is. E quede a\u00ed o conto.<\/p>\n","protected":false},"excerpt":{"rendered":"<p>A pr\u00e1ctica toalidade de medios informativos que chegan a Ribadeo f\u00e1nno en castel\u00e1n. O titular debe tomarse ent\u00f3n como un ripio nunha traslaci\u00f3n doutro (titular e posible ripio) correspondente a un medio ficticio falando sobre as elecci\u00f3ns gregas. Como complemento, d\u00faas ligaz\u00f3ns a un par de blogs -non ficticios- con entradas relacionada. Un, sobre o [&hellip;]<\/p>\n","protected":false},"author":3,"featured_media":0,"comment_status":"open","ping_status":"closed","sticky":false,"template":"","format":"standard","meta":{"activitypub_content_warning":"","activitypub_content_visibility":"","activitypub_max_image_attachments":3,"activitypub_interaction_policy_quote":"anyone","activitypub_status":"federated","footnotes":""},"categories":[1],"tags":[13],"class_list":["post-7472","post","type-post","status-publish","format-standard","hentry","category-sen-categoria","tag-politica"],"_links":{"self":[{"href":"https:\/\/blogs.amarinha.gal\/ribadeando\/wp-json\/wp\/v2\/posts\/7472","targetHints":{"allow":["GET"]}}],"collection":[{"href":"https:\/\/blogs.amarinha.gal\/ribadeando\/wp-json\/wp\/v2\/posts"}],"about":[{"href":"https:\/\/blogs.amarinha.gal\/ribadeando\/wp-json\/wp\/v2\/types\/post"}],"author":[{"embeddable":true,"href":"https:\/\/blogs.amarinha.gal\/ribadeando\/wp-json\/wp\/v2\/users\/3"}],"replies":[{"embeddable":true,"href":"https:\/\/blogs.amarinha.gal\/ribadeando\/wp-json\/wp\/v2\/comments?post=7472"}],"version-history":[{"count":0,"href":"https:\/\/blogs.amarinha.gal\/ribadeando\/wp-json\/wp\/v2\/posts\/7472\/revisions"}],"wp:attachment":[{"href":"https:\/\/blogs.amarinha.gal\/ribadeando\/wp-json\/wp\/v2\/media?parent=7472"}],"wp:term":[{"taxonomy":"category","embeddable":true,"href":"https:\/\/blogs.amarinha.gal\/ribadeando\/wp-json\/wp\/v2\/categories?post=7472"},{"taxonomy":"post_tag","embeddable":true,"href":"https:\/\/blogs.amarinha.gal\/ribadeando\/wp-json\/wp\/v2\/tags?post=7472"}],"curies":[{"name":"wp","href":"https:\/\/api.w.org\/{rel}","templated":true}]}}