{"id":7471,"date":"2012-06-19T07:53:00","date_gmt":"2012-06-19T05:53:00","guid":{"rendered":""},"modified":"2024-11-12T14:30:07","modified_gmt":"2024-11-12T13:30:07","slug":"baile-de-cifras","status":"publish","type":"post","link":"https:\/\/blogs.amarinha.gal\/ribadeando\/2012\/06\/19\/baile-de-cifras\/","title":{"rendered":"Baile de cifras"},"content":{"rendered":"<p>D\u00edas movidos istos nos que se produce un cont\u00ednuo baile de cifras. Sube a bolsa (m\u00e1is ben lento) e baixa (dunha tacada, preto de 3%). Intrad\u00eda, a prima &#8216;de risco&#8217; sube 40 puntos e volta baixar algo menos da metade, \u00f3 son dos intereses da d\u00e9beda. Mesmo o l\u00edmite de velocidade, despois de ser baixado a 110 km\/h nas autov\u00edas e autopistas, logo foi baixado por 6 meses, volto a recuperar o m\u00e1ximo e agora f\u00e1lase de subilo (nas autov\u00edas) e baixalo (nas estradas nacionais) de xeito simult\u00e1neo &#8230; Claro que o goberno parece ser capaz de controlar a \u00faltima cifra como lle pete (especifico &#8216;parece&#8217;) mentras as outras campan enriba ou abaixo dir\u00edase que de xeito independente total dos desexos e actividades do executivo. Especifiquei o de &#8216;parece&#8217; para a velocidade l\u00edmite porque dir\u00edase que ante o cobro nas autov\u00edas, e a diminuci\u00f3n xeral da circulaci\u00f3n que se ten observado, a baixa e suba simult\u00e1nea de velocidades l\u00edmite permitir\u00eda m\u00e1is ventaxas a quen pagara, estimulando a recadaci\u00f3n da nova taxa.<\/p>\n<p>En Ribadeo as \u00fanicas cifras que dan para manexar son as das datas de concesi\u00f3n de permisos para a queima en San Xo\u00e1n e San Pedro, ata o 21 as primeiras ou o 27 as segundas. Ir m\u00e1is al\u00f3 dada a situaci\u00f3n actual do concello, pedindo manexo de cifras econ\u00f3micas, \u00e9 algo arriscado a pesares de que hai concellos que estan abondo peor non tan lonxe.<\/p>\n<p>Outra cifra que da bandazos, pero s\u00f3 para atenuar ou acentuar o seu aumento, \u00e9 a do paro. \u00c9 de esperar que agora, no ver\u00e1n, volte a haber contrataci\u00f3ns, pero xa non \u00e9 seguro, como en outros tempos, que o paro dimin\u00faa nestes meses, a\u00ednda que tradicionalmente o fixo as\u00ed.<\/p>\n<p>Onte hab\u00eda partido da copa de Europa no que xogaba Espa\u00f1a. As r\u00faas de Ribadeo estaban desertas de coches e viandantes mentras o partido estaba en marcha. Mais os locales nos que se v\u00edan os partidos sen ir m\u00e1is lonxe o ano pasado, estaban vac\u00edos ou case. S\u00f3 un pequeno pu\u00f1ado rexistraba unha entrada mediana. Claro que non era a final, sen\u00f3n un partido de clasificaci\u00f3n no que os xogadores contemplaban lonxe a prima (non de risco, sen\u00f3n compensatoria polos seus esforzos). A\u00ednda as\u00ed &#8230;<\/p>\n","protected":false},"excerpt":{"rendered":"<p>D\u00edas movidos istos nos que se produce un cont\u00ednuo baile de cifras. Sube a bolsa (m\u00e1is ben lento) e baixa (dunha tacada, preto de 3%). Intrad\u00eda, a prima &#8216;de risco&#8217; sube 40 puntos e volta baixar algo menos da metade, \u00f3 son dos intereses da d\u00e9beda. Mesmo o l\u00edmite de velocidade, despois de ser baixado [&hellip;]<\/p>\n","protected":false},"author":3,"featured_media":0,"comment_status":"open","ping_status":"closed","sticky":false,"template":"","format":"standard","meta":{"activitypub_content_warning":"","activitypub_content_visibility":"","activitypub_max_image_attachments":3,"activitypub_interaction_policy_quote":"anyone","activitypub_status":"federated","footnotes":""},"categories":[1],"tags":[21,9],"class_list":["post-7471","post","type-post","status-publish","format-standard","hentry","category-sen-categoria","tag-economia","tag-sociedade"],"_links":{"self":[{"href":"https:\/\/blogs.amarinha.gal\/ribadeando\/wp-json\/wp\/v2\/posts\/7471","targetHints":{"allow":["GET"]}}],"collection":[{"href":"https:\/\/blogs.amarinha.gal\/ribadeando\/wp-json\/wp\/v2\/posts"}],"about":[{"href":"https:\/\/blogs.amarinha.gal\/ribadeando\/wp-json\/wp\/v2\/types\/post"}],"author":[{"embeddable":true,"href":"https:\/\/blogs.amarinha.gal\/ribadeando\/wp-json\/wp\/v2\/users\/3"}],"replies":[{"embeddable":true,"href":"https:\/\/blogs.amarinha.gal\/ribadeando\/wp-json\/wp\/v2\/comments?post=7471"}],"version-history":[{"count":0,"href":"https:\/\/blogs.amarinha.gal\/ribadeando\/wp-json\/wp\/v2\/posts\/7471\/revisions"}],"wp:attachment":[{"href":"https:\/\/blogs.amarinha.gal\/ribadeando\/wp-json\/wp\/v2\/media?parent=7471"}],"wp:term":[{"taxonomy":"category","embeddable":true,"href":"https:\/\/blogs.amarinha.gal\/ribadeando\/wp-json\/wp\/v2\/categories?post=7471"},{"taxonomy":"post_tag","embeddable":true,"href":"https:\/\/blogs.amarinha.gal\/ribadeando\/wp-json\/wp\/v2\/tags?post=7471"}],"curies":[{"name":"wp","href":"https:\/\/api.w.org\/{rel}","templated":true}]}}