{"id":7458,"date":"2012-07-03T09:15:00","date_gmt":"2012-07-03T07:15:00","guid":{"rendered":""},"modified":"2024-11-12T14:29:41","modified_gmt":"2024-11-12T13:29:41","slug":"enquisas-de-opinion","status":"publish","type":"post","link":"https:\/\/blogs.amarinha.gal\/ribadeando\/2012\/07\/03\/enquisas-de-opinion\/","title":{"rendered":"Enquisas de opini\u00f3n"},"content":{"rendered":"<p><a href=\"http:\/\/blogs.elpais.com\/.a\/6a00d8341bfb1653ef01676814eed1970b-pi\" imageanchor=\"1\" style=\"margin-left: 1em; margin-right: 1em;\">No el Pa\u00eds do domingo aparec\u00eda o seguinte gr\u00e1fico:<img decoding=\"async\" src=\"http:\/\/blogs.elpais.com\/.a\/6a00d8341bfb1653ef01676814eed1970b-pi\" \/><\/a><\/p>\n<p>Corresponde a unha enquisa de <a href=\"http:\/\/www.metroscopia.org\/\" target=\"_blank\" rel=\"noopener\">Metroscopia<\/a>, instituci\u00f3n adicadaa isto das enquisas. Non din atopado unha serie temporal para facer as gr\u00e1ficas comparativas \u00f3 longo do tempo, co que terei que quedarme&nbsp; con cosas m\u00e1is ou menos ocmentadas nos xornais: os xu\u00edces uspenden, quedando por tras dos avogados, o Rei aproba, pero a sucesi\u00f3n est\u00e1 prepar\u00e1ndose coa mellor percepci\u00f3n do Pr\u00edncipe, os funcionarios son ben vistos por unha porcentaxe dobre da que corresponde \u00e1 xente que ten unha mala visi\u00f3n deles, o ensino p\u00fablico en xeral e a sanidade p\u00fablica est\u00e1n moi ben vistos, o mesmo que os cient\u00edficos, alomenos por agora e en pleno recorte gubernativo, sufrindo unha crise que non foi provocada por esas instituci\u00f3ns ou profesionais &#8230; mentras pol\u00edticos, bancos e poder econ\u00f3mico, beneficiados absolutamente ou relativamente coas medidas da crise, ocupan os \u00faltimos lugares, acompa\u00f1ados dos mandos eclesiais &#8230;<\/p>\n","protected":false},"excerpt":{"rendered":"<p>No el Pa\u00eds do domingo aparec\u00eda o seguinte gr\u00e1fico: Corresponde a unha enquisa de Metroscopia, instituci\u00f3n adicadaa isto das enquisas. Non din atopado unha serie temporal para facer as gr\u00e1ficas comparativas \u00f3 longo do tempo, co que terei que quedarme&nbsp; con cosas m\u00e1is ou menos ocmentadas nos xornais: os xu\u00edces uspenden, quedando por tras dos [&hellip;]<\/p>\n","protected":false},"author":3,"featured_media":0,"comment_status":"open","ping_status":"closed","sticky":false,"template":"","format":"standard","meta":{"activitypub_content_warning":"","activitypub_content_visibility":"","activitypub_max_image_attachments":3,"activitypub_interaction_policy_quote":"anyone","activitypub_status":"federate","footnotes":""},"categories":[1],"tags":[9],"class_list":["post-7458","post","type-post","status-publish","format-standard","hentry","category-sen-categoria","tag-sociedade"],"_links":{"self":[{"href":"https:\/\/blogs.amarinha.gal\/ribadeando\/wp-json\/wp\/v2\/posts\/7458","targetHints":{"allow":["GET"]}}],"collection":[{"href":"https:\/\/blogs.amarinha.gal\/ribadeando\/wp-json\/wp\/v2\/posts"}],"about":[{"href":"https:\/\/blogs.amarinha.gal\/ribadeando\/wp-json\/wp\/v2\/types\/post"}],"author":[{"embeddable":true,"href":"https:\/\/blogs.amarinha.gal\/ribadeando\/wp-json\/wp\/v2\/users\/3"}],"replies":[{"embeddable":true,"href":"https:\/\/blogs.amarinha.gal\/ribadeando\/wp-json\/wp\/v2\/comments?post=7458"}],"version-history":[{"count":0,"href":"https:\/\/blogs.amarinha.gal\/ribadeando\/wp-json\/wp\/v2\/posts\/7458\/revisions"}],"wp:attachment":[{"href":"https:\/\/blogs.amarinha.gal\/ribadeando\/wp-json\/wp\/v2\/media?parent=7458"}],"wp:term":[{"taxonomy":"category","embeddable":true,"href":"https:\/\/blogs.amarinha.gal\/ribadeando\/wp-json\/wp\/v2\/categories?post=7458"},{"taxonomy":"post_tag","embeddable":true,"href":"https:\/\/blogs.amarinha.gal\/ribadeando\/wp-json\/wp\/v2\/tags?post=7458"}],"curies":[{"name":"wp","href":"https:\/\/api.w.org\/{rel}","templated":true}]}}