{"id":7445,"date":"2012-07-11T15:22:00","date_gmt":"2012-07-11T13:22:00","guid":{"rendered":""},"modified":"2024-11-12T14:29:26","modified_gmt":"2024-11-12T13:29:26","slug":"nostalxia","status":"publish","type":"post","link":"https:\/\/blogs.amarinha.gal\/ribadeando\/2012\/07\/11\/nostalxia\/","title":{"rendered":"Nostalxia"},"content":{"rendered":"<p>A vida do IES Porta da Auga estase a extinguir neste ver\u00e1n. Na preparaci\u00f3n para o traslado \u00f3 novo IES de Ribadeo hai que mover moitas cousas. Algunhas quedar\u00e1n no cami\u00f1o por imposibilidade de resitualas, por obsolescencia, por non pagar a pena, por &#8230;. \u00e9 dicir, moita historia quedar\u00e1 no cami\u00f1o. Hoxe pasou polas mi\u00f1as mans alg\u00fan dese material, e deixo aqu\u00ed recollido para a lembranza unha m\u00ednima parte para a lembranza: os planos a 2002 e unha nova escaneada do xornal El Progreso-A Mari\u00f1a do 20030524 con datos aportados polo centro e a delegaci\u00f3n provincial de educaci\u00f3n sobre unha pol\u00e9mica daquel ent\u00f3n:<\/p>\n<p><a href=\"https:\/\/blogger.googleusercontent.com\/img\/b\/R29vZ2xl\/AVvXsEhIic3ZUS37LzbK0vyk6NWefAh3DyGGObxHtnFx0v7AKLhyEz0LhqsrBsy51085zVkULG2T9i9vNO3K6E9abbEpo8n2OEBrY5zgK4bia9bWFxSSyX0leG1urIjCfo8J5rGnoioXuQ\/s2048\/IES+2002-1.jpg\" imageanchor=\"1\" style=\"margin-left: 1em; margin-right: 1em;\"><img decoding=\"async\" src=\"https:\/\/blogger.googleusercontent.com\/img\/b\/R29vZ2xl\/AVvXsEhIic3ZUS37LzbK0vyk6NWefAh3DyGGObxHtnFx0v7AKLhyEz0LhqsrBsy51085zVkULG2T9i9vNO3K6E9abbEpo8n2OEBrY5zgK4bia9bWFxSSyX0leG1urIjCfo8J5rGnoioXuQ\/s2048\/IES+2002-1.jpg\" \/><\/a><\/p>\n<p><a href=\"https:\/\/blogger.googleusercontent.com\/img\/b\/R29vZ2xl\/AVvXsEgje4hvEitt4ydviIu7vbmM1zLA2FhqLC0vIp2NVORzzGrEZMO7NTKB-RKfIzTtFdp5FDQPHUq623DmsYKiqtiz0cEZ1bQ6EnLvmKiXC5FZpPY6KK7Pyl_U7JZb-dtJmyx0Hf2ttA\/s2048\/IES+2002-2.jpg\" imageanchor=\"1\" style=\"margin-left: 1em; margin-right: 1em;\"><img decoding=\"async\" src=\"https:\/\/blogger.googleusercontent.com\/img\/b\/R29vZ2xl\/AVvXsEgje4hvEitt4ydviIu7vbmM1zLA2FhqLC0vIp2NVORzzGrEZMO7NTKB-RKfIzTtFdp5FDQPHUq623DmsYKiqtiz0cEZ1bQ6EnLvmKiXC5FZpPY6KK7Pyl_U7JZb-dtJmyx0Hf2ttA\/s2048\/IES+2002-2.jpg\" \/><\/a><\/p>\n<p><a href=\"https:\/\/blogger.googleusercontent.com\/img\/b\/R29vZ2xl\/AVvXsEg6kTR2wpV0VZ0CSHb2poz-oBOIcbNOK1bbgttkWfCg428L6lM2ALt6SHN3f1YyeinGXLHIy1XNeX-JMuLPONKT0KITnl9AJwTNukRPVkm79iuAUKRfoky-RwUcnqCmeaBMYPpUng\/s2048\/IES+2002-3.jpg\" imageanchor=\"1\" style=\"margin-left: 1em; margin-right: 1em;\"><img decoding=\"async\" src=\"https:\/\/blogger.googleusercontent.com\/img\/b\/R29vZ2xl\/AVvXsEg6kTR2wpV0VZ0CSHb2poz-oBOIcbNOK1bbgttkWfCg428L6lM2ALt6SHN3f1YyeinGXLHIy1XNeX-JMuLPONKT0KITnl9AJwTNukRPVkm79iuAUKRfoky-RwUcnqCmeaBMYPpUng\/s2048\/IES+2002-3.jpg\" \/><\/a><\/p>\n<p><a href=\"https:\/\/blogger.googleusercontent.com\/img\/b\/R29vZ2xl\/AVvXsEjRogaGOeZq9Drun8zOEdTdSupSIDVphPMEmyQGeCi1xycSnWxo4CcBn3hPgd_IWDLM-Aj3oiyu-nffzpkUyj2-2JmZcB9n7sMhsseRdSaovhFAy9OYmLJve1Te7uY2KVj6skBAfw\/s2048\/IES+2002-4.jpg\" imageanchor=\"1\" style=\"margin-left: 1em; margin-right: 1em;\"><img decoding=\"async\" src=\"https:\/\/blogger.googleusercontent.com\/img\/b\/R29vZ2xl\/AVvXsEjRogaGOeZq9Drun8zOEdTdSupSIDVphPMEmyQGeCi1xycSnWxo4CcBn3hPgd_IWDLM-Aj3oiyu-nffzpkUyj2-2JmZcB9n7sMhsseRdSaovhFAy9OYmLJve1Te7uY2KVj6skBAfw\/s2048\/IES+2002-4.jpg\" \/><\/a><\/p>\n<p><a href=\"https:\/\/blogger.googleusercontent.com\/img\/b\/R29vZ2xl\/AVvXsEimZ9qgg4O3yKAs-Elh_o282yk61tYV1luF44ElXSn99P9TD0NQLRuGF8vfx8rTV21ogXT45jKWObM6ZUo9HEJM8hzYFFN8pogaCvykwlhXcrDj8KyeMUt5Vj9eBlRWMSKg7qli-g\/s2048\/IES+20030524.jpg\" imageanchor=\"1\" style=\"margin-left: 1em; margin-right: 1em;\"><img loading=\"lazy\" decoding=\"async\" height=\"340\" src=\"https:\/\/blogger.googleusercontent.com\/img\/b\/R29vZ2xl\/AVvXsEimZ9qgg4O3yKAs-Elh_o282yk61tYV1luF44ElXSn99P9TD0NQLRuGF8vfx8rTV21ogXT45jKWObM6ZUo9HEJM8hzYFFN8pogaCvykwlhXcrDj8KyeMUt5Vj9eBlRWMSKg7qli-g\/s2048\/IES+20030524.jpg\" width=\"640\" \/><\/a><\/p>\n","protected":false},"excerpt":{"rendered":"<p>A vida do IES Porta da Auga estase a extinguir neste ver\u00e1n. Na preparaci\u00f3n para o traslado \u00f3 novo IES de Ribadeo hai que mover moitas cousas. Algunhas quedar\u00e1n no cami\u00f1o por imposibilidade de resitualas, por obsolescencia, por non pagar a pena, por &#8230;. \u00e9 dicir, moita historia quedar\u00e1 no cami\u00f1o. Hoxe pasou polas mi\u00f1as [&hellip;]<\/p>\n","protected":false},"author":3,"featured_media":0,"comment_status":"open","ping_status":"closed","sticky":false,"template":"","format":"standard","meta":{"activitypub_content_warning":"","activitypub_content_visibility":"","activitypub_max_image_attachments":3,"activitypub_interaction_policy_quote":"anyone","activitypub_status":"federate","footnotes":""},"categories":[1],"tags":[9],"class_list":["post-7445","post","type-post","status-publish","format-standard","hentry","category-sen-categoria","tag-sociedade"],"_links":{"self":[{"href":"https:\/\/blogs.amarinha.gal\/ribadeando\/wp-json\/wp\/v2\/posts\/7445","targetHints":{"allow":["GET"]}}],"collection":[{"href":"https:\/\/blogs.amarinha.gal\/ribadeando\/wp-json\/wp\/v2\/posts"}],"about":[{"href":"https:\/\/blogs.amarinha.gal\/ribadeando\/wp-json\/wp\/v2\/types\/post"}],"author":[{"embeddable":true,"href":"https:\/\/blogs.amarinha.gal\/ribadeando\/wp-json\/wp\/v2\/users\/3"}],"replies":[{"embeddable":true,"href":"https:\/\/blogs.amarinha.gal\/ribadeando\/wp-json\/wp\/v2\/comments?post=7445"}],"version-history":[{"count":0,"href":"https:\/\/blogs.amarinha.gal\/ribadeando\/wp-json\/wp\/v2\/posts\/7445\/revisions"}],"wp:attachment":[{"href":"https:\/\/blogs.amarinha.gal\/ribadeando\/wp-json\/wp\/v2\/media?parent=7445"}],"wp:term":[{"taxonomy":"category","embeddable":true,"href":"https:\/\/blogs.amarinha.gal\/ribadeando\/wp-json\/wp\/v2\/categories?post=7445"},{"taxonomy":"post_tag","embeddable":true,"href":"https:\/\/blogs.amarinha.gal\/ribadeando\/wp-json\/wp\/v2\/tags?post=7445"}],"curies":[{"name":"wp","href":"https:\/\/api.w.org\/{rel}","templated":true}]}}