{"id":7444,"date":"2012-07-12T08:12:00","date_gmt":"2012-07-12T06:12:00","guid":{"rendered":""},"modified":"2024-11-12T14:29:25","modified_gmt":"2024-11-12T13:29:25","slug":"imos-probar-canto-podes-aguantar","status":"publish","type":"post","link":"https:\/\/blogs.amarinha.gal\/ribadeando\/2012\/07\/12\/imos-probar-canto-podes-aguantar\/","title":{"rendered":"Imos probar c\u00e1nto podes aguantar"},"content":{"rendered":"<p>M\u00e1is ou menos, isa foi a mensaxe. Imos probar c\u00e1nto podes aguantar. Mineiros Madrid? Non importa. Novas na prensa? Un toque para que digan o que queremos n\u00f3s. Imos sacar cartos de quen xa atracamos, por se acaso quedou alg\u00fan. Por certo, e m\u00e1is preto: <a href=\"http:\/\/www.lavozdegalicia.es\/noticia\/amarina\/2012\/07\/12\/llevan-juicio-informe-revela-muebles-hermida-11-millones-reservas\/0003_201207X12C39910.htm\" target=\"_blank\" rel=\"noopener\">Muebles Hermida fixo un ERE a 75 persoas con 11M\u20ac na reserva, segundo a prensa<\/a>. <a href=\"http:\/\/elpais.com\/economia\/2012\/07\/11\/actualidad\/1342036685_431150.html\" target=\"_blank\" rel=\"noopener\">NCGB pide perd\u00f3n \u00f3s clientes<\/a>: quere seguir t\u00e9ndoos (\u00f3 goberno non parece importarlle polo momento). Hai quen advirte ou chama en tribunas p\u00fablicas a levantarse: a\u00ed est\u00e1 Llamazares ou Rosa D\u00edez (ambos na oposici\u00f3n, claro) onte dende o mesmo congreso, ou <a href=\"http:\/\/www.rtve.es\/alacarta\/audios\/programa\/dias-como-hoy-economista-sociologo-vicenc-navarro-hace-hace-llamamiento-movilizacion-social\/1460514\/\" target=\"_blank\" rel=\"noopener\">Vicen\u00e7 Navarro dende a tve<\/a> donde lle deixan.<\/p>\n<p>En Madrid, un turista grabou<a href=\"http:\/\/www.youtube.com\/watch?v=3Ya554YaboE&amp;feature=share\" target=\"_blank\" rel=\"noopener\"> isto<\/a><\/p>\n<p><iframe loading=\"lazy\" width=\"560\" height=\"315\" src=\"http:\/\/www.youtube.com\/embed\/3Ya554YaboE\" frameborder=\"0\" allowfullscreen><\/iframe><\/p>\n<p>(c\u00f3lloo dun par de apuntes de A. Alda) e logo pasou isto:<\/p>\n<p><a href=\"http:\/\/a2.sphotos.ak.fbcdn.net\/hphotos-ak-ash3\/529092_10150944131756238_835559813_n.jpg\" imageanchor=\"1\" style=\"margin-left: 1em; margin-right: 1em;\"><img loading=\"lazy\" decoding=\"async\" height=\"424\" src=\"http:\/\/a2.sphotos.ak.fbcdn.net\/hphotos-ak-ash3\/529092_10150944131756238_835559813_n.jpg\" width=\"640\" \/><\/a><\/p>\n<p>Nas redes sociais xa hai tempo que hai comentarios sobre c\u00e1nto tempo se via aguantar a sociedade caladi\u00f1a. En Madrid parece que hai quen xa non o est\u00e1. En Ribadeo? &#8230; pois algunhas terrazas con m\u00e1is extensi\u00f3n que outros anos, por se acaso. Mentras, a cousa afecta \u00e1 maior\u00eda, como se pode observar a pouco que se fale coa xente.<\/p>\n<p>E ti, xa te preguntaches c\u00e1nto podes agunatar antes de te levantar?<\/p>\n","protected":false},"excerpt":{"rendered":"<p>M\u00e1is ou menos, isa foi a mensaxe. Imos probar c\u00e1nto podes aguantar. Mineiros Madrid? Non importa. Novas na prensa? Un toque para que digan o que queremos n\u00f3s. Imos sacar cartos de quen xa atracamos, por se acaso quedou alg\u00fan. Por certo, e m\u00e1is preto: Muebles Hermida fixo un ERE a 75 persoas con 11M\u20ac [&hellip;]<\/p>\n","protected":false},"author":3,"featured_media":0,"comment_status":"open","ping_status":"closed","sticky":false,"template":"","format":"standard","meta":{"activitypub_content_warning":"","activitypub_content_visibility":"","activitypub_max_image_attachments":3,"activitypub_interaction_policy_quote":"anyone","activitypub_status":"federate","footnotes":""},"categories":[1],"tags":[9],"class_list":["post-7444","post","type-post","status-publish","format-standard","hentry","category-sen-categoria","tag-sociedade"],"_links":{"self":[{"href":"https:\/\/blogs.amarinha.gal\/ribadeando\/wp-json\/wp\/v2\/posts\/7444","targetHints":{"allow":["GET"]}}],"collection":[{"href":"https:\/\/blogs.amarinha.gal\/ribadeando\/wp-json\/wp\/v2\/posts"}],"about":[{"href":"https:\/\/blogs.amarinha.gal\/ribadeando\/wp-json\/wp\/v2\/types\/post"}],"author":[{"embeddable":true,"href":"https:\/\/blogs.amarinha.gal\/ribadeando\/wp-json\/wp\/v2\/users\/3"}],"replies":[{"embeddable":true,"href":"https:\/\/blogs.amarinha.gal\/ribadeando\/wp-json\/wp\/v2\/comments?post=7444"}],"version-history":[{"count":0,"href":"https:\/\/blogs.amarinha.gal\/ribadeando\/wp-json\/wp\/v2\/posts\/7444\/revisions"}],"wp:attachment":[{"href":"https:\/\/blogs.amarinha.gal\/ribadeando\/wp-json\/wp\/v2\/media?parent=7444"}],"wp:term":[{"taxonomy":"category","embeddable":true,"href":"https:\/\/blogs.amarinha.gal\/ribadeando\/wp-json\/wp\/v2\/categories?post=7444"},{"taxonomy":"post_tag","embeddable":true,"href":"https:\/\/blogs.amarinha.gal\/ribadeando\/wp-json\/wp\/v2\/tags?post=7444"}],"curies":[{"name":"wp","href":"https:\/\/api.w.org\/{rel}","templated":true}]}}