{"id":7435,"date":"2012-07-19T09:02:00","date_gmt":"2012-07-19T07:02:00","guid":{"rendered":""},"modified":"2024-11-12T14:29:04","modified_gmt":"2024-11-12T13:29:04","slug":"19-de-que-me-sona","status":"publish","type":"post","link":"https:\/\/blogs.amarinha.gal\/ribadeando\/2012\/07\/19\/19-de-que-me-sona\/","title":{"rendered":"19? de que me sona&#8230;?"},"content":{"rendered":"<p>Hoxe son as <a href=\"http:\/\/blogs.publico.es\/arturo-gonzalez\/2012\/07\/17\/%C2%BFsirven-para-algo-las-manifestaciones\/\" target=\"_blank\" rel=\"noopener\">protestas<\/a>.<\/p>\n<p>Por que son hoxe? Porque se puxeron de acordo para facelo hoxe. Todos os sindicatos e partidos da oposici\u00f3n. Ou xente do movemento 15M.<\/p>\n<p>Por que son as protestas? Se non o sabes a\u00ednda, se non o sentes, non protestes: est\u00e1s da outra beira.<\/p>\n<p>\u00d3nde son? En moito sitios. En Ribadeo non hai organizada (supo\u00f1o que nos bares e dem\u00e1is, como t\u00f3dolos d\u00edas e sen necesidade de organizaci\u00f3n &#8230;) pero <a href=\"http:\/\/www.lavozdegalicia.es\/noticia\/amarina\/2012\/07\/19\/marinanos-echan-calle-contra-gobierno-bancos\/0003_201207X19C3991.htm\" target=\"_blank\" rel=\"noopener\">en Burela si<\/a>.<\/p>\n<p>E fi\u00e1monos dos sindicatos e dos partidos? Que este\u00f1amos moitas veces en contra de sindicatos e partidos non significa que o fagan todo mal. A\u00ed tes calquera cousa social, na que participe m\u00e1is dunha persoa, para testemu\u00f1alo hist\u00f3ricamente. Non se trata de esquecer, comulgar con rodas de mu\u00ed\u00f1o ou apoiar de xeito cego a certas entidades, senon dun apoio selectivo, cr\u00edtico a actuaci\u00f3ns que consideremos benefician a todos (inclu\u00eddo en certo xeito ese 1% que queda sempre beneficiado das medidas que se van tomando).<\/p>\n<p>Que hoxe non falo de Ribadeo? Ti crees que porque ata agora non mencionei por exemplo a <a href=\"http:\/\/www.lavozdegalicia.es\/noticia\/amarina\/2012\/07\/18\/comite-empresa-ribadeo-diante-da-politica-do-alcalde\/0003_201207X18C8996.htm\" target=\"_blank\" rel=\"noopener\">revolta de funcionarios no concello<\/a> que est\u00e1 a ter lugar, ou da procesi\u00f3n do Carme do s\u00e1bado, non estou a falar de Ribadeo? De calqeura xeito, e para cambiar de tema, d\u00faas fotos. A primeira, dun desconchado no cine teatro que acompa\u00f1a \u00f3 que xa hai anos apareceu no blog (e segue existindo) no teito do Hern\u00e1n Naval, e m\u00e1is unha marea chea nas aceas a semana pasada.<\/p>\n<p><a href=\"https:\/\/blogger.googleusercontent.com\/img\/b\/R29vZ2xl\/AVvXsEgQ8N4bmifpPh_JKHpNMDSeMuF8Re8pFrvo8VHiw-KQB2DftdRgvCJd6aYFcDpsv9wYJg1AiNDw_YKX_npuiVMEdo2D6bWa956yWQUwx4xFmZ60w2t4N50YX7d2xhuQkArh1BzfLA\/s2048\/desconchado+no+cine+teatro.jpg\" style=\"margin-left: 1em; margin-right: 1em;\"><img loading=\"lazy\" decoding=\"async\" height=\"640\" src=\"https:\/\/blogger.googleusercontent.com\/img\/b\/R29vZ2xl\/AVvXsEgQ8N4bmifpPh_JKHpNMDSeMuF8Re8pFrvo8VHiw-KQB2DftdRgvCJd6aYFcDpsv9wYJg1AiNDw_YKX_npuiVMEdo2D6bWa956yWQUwx4xFmZ60w2t4N50YX7d2xhuQkArh1BzfLA\/s2048\/desconchado+no+cine+teatro.jpg\" width=\"480\" \/><\/a><\/p>\n<p><a href=\"https:\/\/blogger.googleusercontent.com\/img\/b\/R29vZ2xl\/AVvXsEjYxBx58SjEV9HSTZHTz1sYpSyPjrhvlVkNV_LZYUgjpuFMrCkX_ATZrh_3kB6NYHw4zP1rsjzIpW1jSCNOZG0sdV5MDB331B7KFTqiviFoUH1prxMJynldSsrECBoUNpL8b5d5OA\/s2048\/marea+chea+nas+aceas.jpg\" style=\"margin-left: 1em; margin-right: 1em;\"><img loading=\"lazy\" decoding=\"async\" height=\"480\" src=\"https:\/\/blogger.googleusercontent.com\/img\/b\/R29vZ2xl\/AVvXsEjYxBx58SjEV9HSTZHTz1sYpSyPjrhvlVkNV_LZYUgjpuFMrCkX_ATZrh_3kB6NYHw4zP1rsjzIpW1jSCNOZG0sdV5MDB331B7KFTqiviFoUH1prxMJynldSsrECBoUNpL8b5d5OA\/s2048\/marea+chea+nas+aceas.jpg\" width=\"640\" \/><\/a><\/p>\n","protected":false},"excerpt":{"rendered":"<p>Hoxe son as protestas. Por que son hoxe? Porque se puxeron de acordo para facelo hoxe. Todos os sindicatos e partidos da oposici\u00f3n. Ou xente do movemento 15M. Por que son as protestas? Se non o sabes a\u00ednda, se non o sentes, non protestes: est\u00e1s da outra beira. \u00d3nde son? En moito sitios. En Ribadeo [&hellip;]<\/p>\n","protected":false},"author":3,"featured_media":0,"comment_status":"open","ping_status":"closed","sticky":false,"template":"","format":"standard","meta":{"activitypub_content_warning":"","activitypub_content_visibility":"","activitypub_max_image_attachments":3,"activitypub_interaction_policy_quote":"anyone","activitypub_status":"federated","footnotes":""},"categories":[1],"tags":[102,21,103,93,13,9],"class_list":["post-7435","post","type-post","status-publish","format-standard","hentry","category-sen-categoria","tag-15m","tag-economia","tag-fotos","tag-fotos-ribadeo","tag-politica","tag-sociedade"],"_links":{"self":[{"href":"https:\/\/blogs.amarinha.gal\/ribadeando\/wp-json\/wp\/v2\/posts\/7435","targetHints":{"allow":["GET"]}}],"collection":[{"href":"https:\/\/blogs.amarinha.gal\/ribadeando\/wp-json\/wp\/v2\/posts"}],"about":[{"href":"https:\/\/blogs.amarinha.gal\/ribadeando\/wp-json\/wp\/v2\/types\/post"}],"author":[{"embeddable":true,"href":"https:\/\/blogs.amarinha.gal\/ribadeando\/wp-json\/wp\/v2\/users\/3"}],"replies":[{"embeddable":true,"href":"https:\/\/blogs.amarinha.gal\/ribadeando\/wp-json\/wp\/v2\/comments?post=7435"}],"version-history":[{"count":0,"href":"https:\/\/blogs.amarinha.gal\/ribadeando\/wp-json\/wp\/v2\/posts\/7435\/revisions"}],"wp:attachment":[{"href":"https:\/\/blogs.amarinha.gal\/ribadeando\/wp-json\/wp\/v2\/media?parent=7435"}],"wp:term":[{"taxonomy":"category","embeddable":true,"href":"https:\/\/blogs.amarinha.gal\/ribadeando\/wp-json\/wp\/v2\/categories?post=7435"},{"taxonomy":"post_tag","embeddable":true,"href":"https:\/\/blogs.amarinha.gal\/ribadeando\/wp-json\/wp\/v2\/tags?post=7435"}],"curies":[{"name":"wp","href":"https:\/\/api.w.org\/{rel}","templated":true}]}}