{"id":7432,"date":"2012-07-20T09:19:00","date_gmt":"2012-07-20T07:19:00","guid":{"rendered":""},"modified":"2024-11-12T14:29:00","modified_gmt":"2024-11-12T13:29:00","slug":"bo-dia-para-revolucion","status":"publish","type":"post","link":"https:\/\/blogs.amarinha.gal\/ribadeando\/2012\/07\/20\/bo-dia-para-revolucion\/","title":{"rendered":"Bo d\u00eda para a revoluci\u00f3n"},"content":{"rendered":"<p>Pasou o 18 de xullo, data de reminiscencias que levar\u00edan a hai 72 anos, e o 19, con manifestaci\u00f3n que levaron \u00f3s espa\u00f1ois \u00e1 r\u00faa. Estamos no 20, e temos titulares, a parte de que as r\u00faas ontes estaban cheas. Unha mostra nun s\u00f3 xornal: O diferencial de risco, <a href=\"http:\/\/www.lavozdegalicia.es\/noticia\/economia\/2012\/07\/20\/espana-pacto-poder-usar-parte-rescate-bancario-comprar-deuda\/0003_201207G20P2991.htm\">a &#8216;prima&#8217;, acada os 600 puntos<\/a>, o que non \u00e9 raro despois de reco\u00f1ecer <a href=\"http:\/\/www.lavozdegalicia.es\/noticia\/economia\/2012\/07\/20\/montoro-insiste-dinerocriticas-fondo-autonomias-decreto-intervencion\/0003_201207G20P4991.htm\">o goberno que non ten un duro<\/a> (co que entre outras cousas, voltamos a estar noutra mentira anterior); claro que hai matices: <a href=\"http:\/\/www.lavozdegalicia.es\/noticia\/economia\/2012\/07\/20\/frob-anticipara-dinero-bancos-liquidez\/0003_201207G20P3992.htm\" target=\"_blank\" rel=\"noopener\">\u00f3s bancos adiantar\u00e1selles cartos se o necesitan antes de que cheguen os fondos europeos<\/a>, e de <a href=\"http:\/\/www.lavozdegalicia.es\/noticia\/galicia\/2012\/07\/20\/cultura-descarta-cerrar-tiempo-gaias-imitando-valenciadiez-millones-medio-empleo\/0003_201207G20P9991.htm\" target=\"_blank\" rel=\"noopener\">descartar o Gai\u00e1s, nada<\/a>. <a href=\"http:\/\/www.lavozdegalicia.es\/noticia\/economia\/2012\/07\/20\/montoro-insiste-dinerocriticas-fondo-autonomias-decreto-intervencion\/0003_201207G20P4991.htm\">Sube o IVE do material escolar<\/a>, e <a href=\"http:\/\/www.lavozdegalicia.es\/noticia\/economia\/2012\/07\/20\/familias-pagaran-nuevo-iva-consumos-basicos-julio-agosto\/0003_201207G20P27991.htm\">para o que podan, van a aplicar a suba engadida a consumos xa feitos<\/a>.Repito, s\u00f3 nun xornal que non se ten destacado polo combate antigubernamental.<\/p>\n<p>A revoluci\u00f3n? Xa est\u00e1 aqu\u00ed. No \u00e9 esa a pregunta, a pregunta \u00e9 m\u00e1is ben qu\u00e9 revoluci\u00f3n?<\/p>\n","protected":false},"excerpt":{"rendered":"<p>Pasou o 18 de xullo, data de reminiscencias que levar\u00edan a hai 72 anos, e o 19, con manifestaci\u00f3n que levaron \u00f3s espa\u00f1ois \u00e1 r\u00faa. Estamos no 20, e temos titulares, a parte de que as r\u00faas ontes estaban cheas. Unha mostra nun s\u00f3 xornal: O diferencial de risco, a &#8216;prima&#8217;, acada os 600 puntos, [&hellip;]<\/p>\n","protected":false},"author":3,"featured_media":0,"comment_status":"open","ping_status":"closed","sticky":false,"template":"","format":"standard","meta":{"activitypub_content_warning":"","activitypub_content_visibility":"","activitypub_max_image_attachments":3,"activitypub_interaction_policy_quote":"anyone","activitypub_status":"federated","footnotes":""},"categories":[1],"tags":[9],"class_list":["post-7432","post","type-post","status-publish","format-standard","hentry","category-sen-categoria","tag-sociedade"],"_links":{"self":[{"href":"https:\/\/blogs.amarinha.gal\/ribadeando\/wp-json\/wp\/v2\/posts\/7432","targetHints":{"allow":["GET"]}}],"collection":[{"href":"https:\/\/blogs.amarinha.gal\/ribadeando\/wp-json\/wp\/v2\/posts"}],"about":[{"href":"https:\/\/blogs.amarinha.gal\/ribadeando\/wp-json\/wp\/v2\/types\/post"}],"author":[{"embeddable":true,"href":"https:\/\/blogs.amarinha.gal\/ribadeando\/wp-json\/wp\/v2\/users\/3"}],"replies":[{"embeddable":true,"href":"https:\/\/blogs.amarinha.gal\/ribadeando\/wp-json\/wp\/v2\/comments?post=7432"}],"version-history":[{"count":0,"href":"https:\/\/blogs.amarinha.gal\/ribadeando\/wp-json\/wp\/v2\/posts\/7432\/revisions"}],"wp:attachment":[{"href":"https:\/\/blogs.amarinha.gal\/ribadeando\/wp-json\/wp\/v2\/media?parent=7432"}],"wp:term":[{"taxonomy":"category","embeddable":true,"href":"https:\/\/blogs.amarinha.gal\/ribadeando\/wp-json\/wp\/v2\/categories?post=7432"},{"taxonomy":"post_tag","embeddable":true,"href":"https:\/\/blogs.amarinha.gal\/ribadeando\/wp-json\/wp\/v2\/tags?post=7432"}],"curies":[{"name":"wp","href":"https:\/\/api.w.org\/{rel}","templated":true}]}}