{"id":7412,"date":"2012-08-05T09:37:00","date_gmt":"2012-08-05T07:37:00","guid":{"rendered":""},"modified":"2024-11-12T14:28:24","modified_gmt":"2024-11-12T13:28:24","slug":"a-festa-continua-continua","status":"publish","type":"post","link":"https:\/\/blogs.amarinha.gal\/ribadeando\/2012\/08\/05\/a-festa-continua-continua\/","title":{"rendered":"A festa cont\u00ednua contin\u00faa"},"content":{"rendered":"<p>Primeiro fin de semana de agosto. <a href=\"http:\/\/ribadeando.blogspot.com.es\/2011\/08\/e-isto-xira.html\" target=\"_blank\" rel=\"noopener\">Xira<\/a>, Festa do percebe en Rinlo, do Emigrante de Barreiros, do Bonito en Burela, Resurection fest en Viveiro &#8230; E s\u00f3 \u00e9 unha continuaci\u00f3n das da semana pasada e antelaci\u00f3n das da seguinte, en sucesi\u00f3n d\u00eda-noite-d\u00eda ou noite-d\u00eda-noite, de sorrisos, ou vi\u00f1o, ou m\u00fasica (mesmo da ratoeira que soaba nalgures en pleno centro de Ribadeo esta ma\u00f1\u00e1) el\u00edxase o que se prefira &#8230; tanto que mesmo Rajoy deixa de apretar o cinto \u00f3s dem\u00e1is (mesmo <a href=\"http:\/\/escolar.net\/MT\/archives\/2012\/08\/el-gobierno-presenta-a-europa-un-ajuste-de-cien-mil-millones-de-euros-y-no-se-lo-explica-a-los-espanoles.html\">cun axuste de m\u00e1is, sen explicar<\/a>) e se pasa por Sanxenxo.<br \/>\nSi, pero &#8230; mesmo hoxe se protesta en Burela pola supresi\u00f3n de servizos de Feve, a Conseller\u00eda de Educaci\u00f3n promete pagar nos pr\u00f3ximos d\u00edas os servizos de comedor que xa ti\u00f1a que ter pagado hai tempo, ou a conto do ru\u00eddo da movida, en Foz enfr\u00f3ntase o alcalde e un sindicato policial &#8230; Tam\u00e9n contin\u00faan outras festas.<\/p>\n","protected":false},"excerpt":{"rendered":"<p>Primeiro fin de semana de agosto. Xira, Festa do percebe en Rinlo, do Emigrante de Barreiros, do Bonito en Burela, Resurection fest en Viveiro &#8230; E s\u00f3 \u00e9 unha continuaci\u00f3n das da semana pasada e antelaci\u00f3n das da seguinte, en sucesi\u00f3n d\u00eda-noite-d\u00eda ou noite-d\u00eda-noite, de sorrisos, ou vi\u00f1o, ou m\u00fasica (mesmo da ratoeira que soaba [&hellip;]<\/p>\n","protected":false},"author":3,"featured_media":0,"comment_status":"open","ping_status":"closed","sticky":false,"template":"","format":"standard","meta":{"activitypub_content_warning":"","activitypub_content_visibility":"","activitypub_max_image_attachments":3,"activitypub_interaction_policy_quote":"anyone","activitypub_status":"federate","footnotes":""},"categories":[1],"tags":[9],"class_list":["post-7412","post","type-post","status-publish","format-standard","hentry","category-sen-categoria","tag-sociedade"],"_links":{"self":[{"href":"https:\/\/blogs.amarinha.gal\/ribadeando\/wp-json\/wp\/v2\/posts\/7412","targetHints":{"allow":["GET"]}}],"collection":[{"href":"https:\/\/blogs.amarinha.gal\/ribadeando\/wp-json\/wp\/v2\/posts"}],"about":[{"href":"https:\/\/blogs.amarinha.gal\/ribadeando\/wp-json\/wp\/v2\/types\/post"}],"author":[{"embeddable":true,"href":"https:\/\/blogs.amarinha.gal\/ribadeando\/wp-json\/wp\/v2\/users\/3"}],"replies":[{"embeddable":true,"href":"https:\/\/blogs.amarinha.gal\/ribadeando\/wp-json\/wp\/v2\/comments?post=7412"}],"version-history":[{"count":0,"href":"https:\/\/blogs.amarinha.gal\/ribadeando\/wp-json\/wp\/v2\/posts\/7412\/revisions"}],"wp:attachment":[{"href":"https:\/\/blogs.amarinha.gal\/ribadeando\/wp-json\/wp\/v2\/media?parent=7412"}],"wp:term":[{"taxonomy":"category","embeddable":true,"href":"https:\/\/blogs.amarinha.gal\/ribadeando\/wp-json\/wp\/v2\/categories?post=7412"},{"taxonomy":"post_tag","embeddable":true,"href":"https:\/\/blogs.amarinha.gal\/ribadeando\/wp-json\/wp\/v2\/tags?post=7412"}],"curies":[{"name":"wp","href":"https:\/\/api.w.org\/{rel}","templated":true}]}}