{"id":7410,"date":"2012-08-06T09:27:00","date_gmt":"2012-08-06T07:27:00","guid":{"rendered":""},"modified":"2024-11-12T14:28:21","modified_gmt":"2024-11-12T13:28:21","slug":"millor-mirar-outro-lado","status":"publish","type":"post","link":"https:\/\/blogs.amarinha.gal\/ribadeando\/2012\/08\/06\/millor-mirar-outro-lado\/","title":{"rendered":"Millor, mirar a outro lado"},"content":{"rendered":"<p>Por exemplo, f\u00f3ra da Terra, a uns 260Mkm, onde hoxe a <a href=\"http:\/\/es.wikipedia.org\/wiki\/Curiosity\">Curiosity<\/a> chegou <a href=\"http:\/\/www.nasa.gov\/mission_pages\/msl\/index.html\" target=\"_blank\" rel=\"noopener\">a Marte<\/a> para proseguir unha \u00faltimamente de capa ca\u00edda investigaci\u00f3n espacial. E \u00e9 que, se aqu\u00ed a nivel Ribadeo <a href=\"http:\/\/www.lavozdegalicia.es\/noticia\/amarina\/2012\/08\/06\/centenar-personas-claman-defensa-feve\/0003_201208X6C4991.htm\">imos quedarnos sen algunhas conexi\u00f3ns de tren<\/a>, e adem\u00e1is haber\u00e1 trens que non chegar\u00e1n, como os que circulen polo longamente anunciado pero cada vez m\u00e1is achegado entronque con ENCE-Navia, se as fotos son usadas para imaxe m\u00e1is que para lembranza, como as de <a href=\"http:\/\/ribadeo.org\/actualidade\/nova.php?id=1055&amp;lg=gal\" target=\"_blank\" rel=\"noopener\">inauguraci\u00f3n da primeira empresa do pol\u00edgono de Ribadeo<\/a> ou a <a href=\"http:\/\/ribadeo.org\/actualidade\/nova.php?id=1054&amp;lg=gal\" target=\"_blank\" rel=\"noopener\">presentaci\u00f3n da \u00faltima gu\u00eda tur\u00edstica<\/a>, mentras <a href=\"http:\/\/elpais.com\/economia\/2012\/08\/05\/actualidad\/1344198550_077455.html\" target=\"_blank\" rel=\"noopener\">non hai fotos para o \u00faltimo mazazo \u00e1 cabana gandeira<\/a>&#8230; Se a nivel Europa estamos parec\u00e9ndonos cada vez m\u00e1is, coa <a href=\"http:\/\/elpais.com\/politica\/2012\/08\/05\/actualidad\/1344190602_660042.html\" target=\"_blank\" rel=\"noopener\">rebeli\u00f3n de alcaldes soportada polo goberno<\/a> mentras <a href=\"http:\/\/elpais.com\/politica\/2012\/08\/05\/actualidad\/1344191066_900668.html\" target=\"_blank\" rel=\"noopener\">non soporta o ensino ou a sanidade<\/a> en Espa\u00f1a (aqu\u00ed, unha mostra: <a href=\"http:\/\/elpais.com\/elpais\/2012\/05\/01\/opinion\/1335891274_743463.html\" target=\"_blank\" rel=\"noopener\">non se pagan nin os premios escolares comprometidos nas olimpiadas de f\u00edsica<\/a>), por unha beira, e cousas como a <a href=\"http:\/\/elpais.com\/sociedad\/2012\/08\/05\/actualidad\/1344193226_710353.html\" target=\"_blank\" rel=\"noopener\">corrupci\u00f3n nos m\u00e9dicos alem\u00e1ns<\/a> que van acompa\u00f1ando en cada vez maior cantidade \u00f3 xa archisabido canxe de postos entre administraci\u00f3n e finanzas en maior ou menor grao a nivel continental, ent\u00f3n, procuremos un respiro sen algarab\u00eda que nos permita reflexionar un pouco m\u00e1is al\u00f3, no conxunto humano, e que relativice as cousas pequenas e as que consideramos maiores, deixando lugar \u00f3 importante. Mirando a outro lado \u00f3 mellor nos vemos con m\u00e1is craridade.<\/p>\n","protected":false},"excerpt":{"rendered":"<p>Por exemplo, f\u00f3ra da Terra, a uns 260Mkm, onde hoxe a Curiosity chegou a Marte para proseguir unha \u00faltimamente de capa ca\u00edda investigaci\u00f3n espacial. E \u00e9 que, se aqu\u00ed a nivel Ribadeo imos quedarnos sen algunhas conexi\u00f3ns de tren, e adem\u00e1is haber\u00e1 trens que non chegar\u00e1n, como os que circulen polo longamente anunciado pero cada [&hellip;]<\/p>\n","protected":false},"author":3,"featured_media":0,"comment_status":"open","ping_status":"closed","sticky":false,"template":"","format":"standard","meta":{"activitypub_content_warning":"","activitypub_content_visibility":"","activitypub_max_image_attachments":3,"activitypub_interaction_policy_quote":"anyone","activitypub_status":"federated","footnotes":""},"categories":[1],"tags":[32],"class_list":["post-7410","post","type-post","status-publish","format-standard","hentry","category-sen-categoria","tag-filosofia"],"_links":{"self":[{"href":"https:\/\/blogs.amarinha.gal\/ribadeando\/wp-json\/wp\/v2\/posts\/7410","targetHints":{"allow":["GET"]}}],"collection":[{"href":"https:\/\/blogs.amarinha.gal\/ribadeando\/wp-json\/wp\/v2\/posts"}],"about":[{"href":"https:\/\/blogs.amarinha.gal\/ribadeando\/wp-json\/wp\/v2\/types\/post"}],"author":[{"embeddable":true,"href":"https:\/\/blogs.amarinha.gal\/ribadeando\/wp-json\/wp\/v2\/users\/3"}],"replies":[{"embeddable":true,"href":"https:\/\/blogs.amarinha.gal\/ribadeando\/wp-json\/wp\/v2\/comments?post=7410"}],"version-history":[{"count":0,"href":"https:\/\/blogs.amarinha.gal\/ribadeando\/wp-json\/wp\/v2\/posts\/7410\/revisions"}],"wp:attachment":[{"href":"https:\/\/blogs.amarinha.gal\/ribadeando\/wp-json\/wp\/v2\/media?parent=7410"}],"wp:term":[{"taxonomy":"category","embeddable":true,"href":"https:\/\/blogs.amarinha.gal\/ribadeando\/wp-json\/wp\/v2\/categories?post=7410"},{"taxonomy":"post_tag","embeddable":true,"href":"https:\/\/blogs.amarinha.gal\/ribadeando\/wp-json\/wp\/v2\/tags?post=7410"}],"curies":[{"name":"wp","href":"https:\/\/api.w.org\/{rel}","templated":true}]}}