{"id":7409,"date":"2012-08-06T12:26:00","date_gmt":"2012-08-06T10:26:00","guid":{"rendered":""},"modified":"2024-11-12T14:28:19","modified_gmt":"2024-11-12T13:28:19","slug":"pascal-citado-por-galeano-traido-aqui","status":"publish","type":"post","link":"https:\/\/blogs.amarinha.gal\/ribadeando\/2012\/08\/06\/pascal-citado-por-galeano-traido-aqui\/","title":{"rendered":"Pascal, citado por Galeano, tra\u00eddo aqu\u00ed a conta da crise"},"content":{"rendered":"<p>&#8220;A <em>boa pol\u00edtica<\/em> co\u00f1ece este segredo: como facer morrer de fame \u00f3s que permiten vivir \u00f3s dem\u00e1is&#8221;<\/p>\n<p>(En E. Galeano, &#8216;Los hijos de los d\u00edas&#8217;, Setiembre 5)<\/p>\n<p>-a cursiva \u00e9 mi\u00f1a-<\/p>\n<p>E Pascal non foi considerado un profeta &#8230;<\/p>\n","protected":false},"excerpt":{"rendered":"<p>&#8220;A boa pol\u00edtica co\u00f1ece este segredo: como facer morrer de fame \u00f3s que permiten vivir \u00f3s dem\u00e1is&#8221; (En E. Galeano, &#8216;Los hijos de los d\u00edas&#8217;, Setiembre 5) -a cursiva \u00e9 mi\u00f1a- E Pascal non foi considerado un profeta &#8230;<\/p>\n","protected":false},"author":3,"featured_media":0,"comment_status":"open","ping_status":"closed","sticky":false,"template":"","format":"standard","meta":{"activitypub_content_warning":"","activitypub_content_visibility":"","activitypub_max_image_attachments":3,"activitypub_interaction_policy_quote":"anyone","activitypub_status":"federated","footnotes":""},"categories":[1],"tags":[13],"class_list":["post-7409","post","type-post","status-publish","format-standard","hentry","category-sen-categoria","tag-politica"],"_links":{"self":[{"href":"https:\/\/blogs.amarinha.gal\/ribadeando\/wp-json\/wp\/v2\/posts\/7409","targetHints":{"allow":["GET"]}}],"collection":[{"href":"https:\/\/blogs.amarinha.gal\/ribadeando\/wp-json\/wp\/v2\/posts"}],"about":[{"href":"https:\/\/blogs.amarinha.gal\/ribadeando\/wp-json\/wp\/v2\/types\/post"}],"author":[{"embeddable":true,"href":"https:\/\/blogs.amarinha.gal\/ribadeando\/wp-json\/wp\/v2\/users\/3"}],"replies":[{"embeddable":true,"href":"https:\/\/blogs.amarinha.gal\/ribadeando\/wp-json\/wp\/v2\/comments?post=7409"}],"version-history":[{"count":0,"href":"https:\/\/blogs.amarinha.gal\/ribadeando\/wp-json\/wp\/v2\/posts\/7409\/revisions"}],"wp:attachment":[{"href":"https:\/\/blogs.amarinha.gal\/ribadeando\/wp-json\/wp\/v2\/media?parent=7409"}],"wp:term":[{"taxonomy":"category","embeddable":true,"href":"https:\/\/blogs.amarinha.gal\/ribadeando\/wp-json\/wp\/v2\/categories?post=7409"},{"taxonomy":"post_tag","embeddable":true,"href":"https:\/\/blogs.amarinha.gal\/ribadeando\/wp-json\/wp\/v2\/tags?post=7409"}],"curies":[{"name":"wp","href":"https:\/\/api.w.org\/{rel}","templated":true}]}}