{"id":7404,"date":"2012-08-11T14:07:00","date_gmt":"2012-08-11T12:07:00","guid":{"rendered":""},"modified":"2024-11-12T14:28:11","modified_gmt":"2024-11-12T13:28:11","slug":"respirando","status":"publish","type":"post","link":"https:\/\/blogs.amarinha.gal\/ribadeando\/2012\/08\/11\/respirando\/","title":{"rendered":"Respirando"},"content":{"rendered":"<p>En agosto, a actividade de Ribade o \u00e9 fren\u00e9tica. E a de f\u00f3ra, tam\u00e9n. En sentidos diferentes, pero coincidindo no ritmo. Faise complicado seguir algo cun m\u00ednimo de profundidade e visi\u00f3n xeral. \u00c9 pois unha boa \u00e9poca para tomar un descanso, quiz\u00e1is non s\u00f3 no blog, sen\u00f3n tam\u00e9n noutras cousas, e adicar o tempo a vivir de xeito diferente. E iso vou facer uns d\u00edas, de xeito que, se publico algo, non ser\u00e1 m\u00e1is que unha foto do marabilloso Ribadeo, esquecendo que hai aspectos non tan marabillosos. Un sa\u00fado!<\/p>\n","protected":false},"excerpt":{"rendered":"<p>En agosto, a actividade de Ribade o \u00e9 fren\u00e9tica. E a de f\u00f3ra, tam\u00e9n. En sentidos diferentes, pero coincidindo no ritmo. Faise complicado seguir algo cun m\u00ednimo de profundidade e visi\u00f3n xeral. \u00c9 pois unha boa \u00e9poca para tomar un descanso, quiz\u00e1is non s\u00f3 no blog, sen\u00f3n tam\u00e9n noutras cousas, e adicar o tempo a [&hellip;]<\/p>\n","protected":false},"author":3,"featured_media":0,"comment_status":"open","ping_status":"closed","sticky":false,"template":"","format":"standard","meta":{"activitypub_content_warning":"","activitypub_content_visibility":"","activitypub_max_image_attachments":3,"activitypub_interaction_policy_quote":"anyone","activitypub_status":"federated","footnotes":""},"categories":[1],"tags":[8],"class_list":["post-7404","post","type-post","status-publish","format-standard","hentry","category-sen-categoria","tag-blog"],"_links":{"self":[{"href":"https:\/\/blogs.amarinha.gal\/ribadeando\/wp-json\/wp\/v2\/posts\/7404","targetHints":{"allow":["GET"]}}],"collection":[{"href":"https:\/\/blogs.amarinha.gal\/ribadeando\/wp-json\/wp\/v2\/posts"}],"about":[{"href":"https:\/\/blogs.amarinha.gal\/ribadeando\/wp-json\/wp\/v2\/types\/post"}],"author":[{"embeddable":true,"href":"https:\/\/blogs.amarinha.gal\/ribadeando\/wp-json\/wp\/v2\/users\/3"}],"replies":[{"embeddable":true,"href":"https:\/\/blogs.amarinha.gal\/ribadeando\/wp-json\/wp\/v2\/comments?post=7404"}],"version-history":[{"count":0,"href":"https:\/\/blogs.amarinha.gal\/ribadeando\/wp-json\/wp\/v2\/posts\/7404\/revisions"}],"wp:attachment":[{"href":"https:\/\/blogs.amarinha.gal\/ribadeando\/wp-json\/wp\/v2\/media?parent=7404"}],"wp:term":[{"taxonomy":"category","embeddable":true,"href":"https:\/\/blogs.amarinha.gal\/ribadeando\/wp-json\/wp\/v2\/categories?post=7404"},{"taxonomy":"post_tag","embeddable":true,"href":"https:\/\/blogs.amarinha.gal\/ribadeando\/wp-json\/wp\/v2\/tags?post=7404"}],"curies":[{"name":"wp","href":"https:\/\/api.w.org\/{rel}","templated":true}]}}