{"id":7381,"date":"2012-09-16T12:00:00","date_gmt":"2012-09-16T10:00:00","guid":{"rendered":""},"modified":"2024-11-12T14:27:26","modified_gmt":"2024-11-12T13:27:26","slug":"comeza-o-movemento-electoral","status":"publish","type":"post","link":"https:\/\/blogs.amarinha.gal\/ribadeando\/2012\/09\/16\/comeza-o-movemento-electoral\/","title":{"rendered":"Comeza o movemento (electoral)"},"content":{"rendered":"<p>Venres recib\u00edn unha chamada de metroscopia. Unha enquisa que dixeron de cinco minutos e convertiuse e &#8216;de dez&#8217; polo cron\u00f3metro do aparello. O motivo, en torno \u00e1 pol\u00edtica, estaba en clave das elecci\u00f3ns galegas. Ata a\u00ed, todo m\u00e1is ou menos &#8216;tipico&#8217;.<\/p>\n<p>O que xa non me pareceu tan t\u00edpico foron as preguntas, que deixaban reducido o espectro pol\u00edtico a dous partidos e medio, pois despois de comezar coa dicotom\u00eda PP\/PSOE de xeito exclusivo, fac\u00eda part\u00edcipe \u00f3 BNG, e punto. Asemade, se se indicaba por exemplo que os criterios de definici\u00f3n propia do PSOE estaban \u00e1 dereita, a entrevistadora fac\u00edao notar: &#8216;pero esa puntuaci\u00f3n es de derechas&#8217; &#8230; coa resposta &#8216;si, ya lo s\u00e9&#8217; e un momento de silencio \u00f3 outro extremo da li\u00f1a. Ou como ter que deletrear as siglas dalgunha formaci\u00f3n como posible destinataria dos votos.<\/p>\n<p>Certamente, resultoume untra entrevista moi did\u00e1ctica. Coido que aprend\u00edn eu m\u00e1is da entrevista que o que van sacar dos datos das mi\u00f1as respostas &#8230;<\/p>\n<p>Ah! E en cousa dunha hora, acto pol\u00edtico do BNG en plena r\u00faa peonil para explicar a candidatura. Nos carteis non aparece que vaia a falar o alcalde, sen\u00f3n s\u00f3 un concelleiro, representante organizativo do BNG ribadense, e unha candidata.<\/p>\n","protected":false},"excerpt":{"rendered":"<p>Venres recib\u00edn unha chamada de metroscopia. Unha enquisa que dixeron de cinco minutos e convertiuse e &#8216;de dez&#8217; polo cron\u00f3metro do aparello. O motivo, en torno \u00e1 pol\u00edtica, estaba en clave das elecci\u00f3ns galegas. Ata a\u00ed, todo m\u00e1is ou menos &#8216;tipico&#8217;. O que xa non me pareceu tan t\u00edpico foron as preguntas, que deixaban reducido [&hellip;]<\/p>\n","protected":false},"author":3,"featured_media":0,"comment_status":"open","ping_status":"closed","sticky":false,"template":"","format":"standard","meta":{"activitypub_content_warning":"","activitypub_content_visibility":"","activitypub_max_image_attachments":3,"activitypub_interaction_policy_quote":"anyone","activitypub_status":"federate","footnotes":""},"categories":[1],"tags":[13],"class_list":["post-7381","post","type-post","status-publish","format-standard","hentry","category-sen-categoria","tag-politica"],"_links":{"self":[{"href":"https:\/\/blogs.amarinha.gal\/ribadeando\/wp-json\/wp\/v2\/posts\/7381","targetHints":{"allow":["GET"]}}],"collection":[{"href":"https:\/\/blogs.amarinha.gal\/ribadeando\/wp-json\/wp\/v2\/posts"}],"about":[{"href":"https:\/\/blogs.amarinha.gal\/ribadeando\/wp-json\/wp\/v2\/types\/post"}],"author":[{"embeddable":true,"href":"https:\/\/blogs.amarinha.gal\/ribadeando\/wp-json\/wp\/v2\/users\/3"}],"replies":[{"embeddable":true,"href":"https:\/\/blogs.amarinha.gal\/ribadeando\/wp-json\/wp\/v2\/comments?post=7381"}],"version-history":[{"count":0,"href":"https:\/\/blogs.amarinha.gal\/ribadeando\/wp-json\/wp\/v2\/posts\/7381\/revisions"}],"wp:attachment":[{"href":"https:\/\/blogs.amarinha.gal\/ribadeando\/wp-json\/wp\/v2\/media?parent=7381"}],"wp:term":[{"taxonomy":"category","embeddable":true,"href":"https:\/\/blogs.amarinha.gal\/ribadeando\/wp-json\/wp\/v2\/categories?post=7381"},{"taxonomy":"post_tag","embeddable":true,"href":"https:\/\/blogs.amarinha.gal\/ribadeando\/wp-json\/wp\/v2\/tags?post=7381"}],"curies":[{"name":"wp","href":"https:\/\/api.w.org\/{rel}","templated":true}]}}