{"id":7372,"date":"2012-09-26T07:49:00","date_gmt":"2012-09-26T05:49:00","guid":{"rendered":""},"modified":"2024-11-12T14:27:13","modified_gmt":"2024-11-12T13:27:13","slug":"repensando-en-grande-e-en-pequeno","status":"publish","type":"post","link":"https:\/\/blogs.amarinha.gal\/ribadeando\/2012\/09\/26\/repensando-en-grande-e-en-pequeno\/","title":{"rendered":"Repensando en grande e en pequeno"},"content":{"rendered":"<p>Onte, 25 S, puiden ver v\u00eda web algo do sucedido en Madrid. E despois picar en varios debates televisivos. Certamente, non coincid\u00edan a r\u00faa e o mundo das cadeas de televisi\u00f3n.<\/p>\n<p>O mesmo d\u00eda, parec\u00eda haber tam\u00e9n unha inconsistencia interna en \u00c1ngela Merkel, \u00e1 que os xornais un d\u00eda presentan d\u00e1ndolle palmadi\u00f1as a Rajoy polo &#8216;bo comportamento&#8217; manifestado e outros, po\u00f1endo de exemplo negativo actual a Espa\u00f1a.<\/p>\n<p>Claro que estas cousas xa cansan. De feito, \u00faltimamente estanse a divulgar nimiedades, pois tampouco casa ben o animar \u00e1 austeridade da vicepresidenta gubernativa con que ese \u00e1nimo o faga difundindo imaxes con m\u00e1is dunha botella de auga na mesa cun custe por unidade de preto de 5\u20ac, ou, obviando o feito da viaxe \u00e1 final futbolera en avi\u00f3n, as novas se fagan eco de que a cea de volta de D. Mariano valeu 1 000 \u20ac &#8230; Mentras, e a\u00ednda que se sabe, obvianse en boa parte outros comentarios, como que este ano o goberno vaia pagar m\u00e1is en intereses que en soldos ou que toda a baixada de soldos \u00f3s funcionarios \u00e9 menor que o aumento dos intereses da d\u00e9beda sufridos \u00f3 longo do ano, e por suposto moito menor que o rescate bancario. \u00d3bviase tam\u00e9n o que pasou (e segue a pasar) de pr\u00e9stamo de cartos \u00f3s bancos en cantidades astron\u00f3micas \u00f3 1% para que os presten \u00f3s gobernos \u00f3 5, 6, 7%, mentras que se pon o acento no alcalde de Marinaleda por roubar varios carros de comida para distribu\u00edr (2 000 \u20ac? quiz\u00e1is &#8230;)<\/p>\n<p>Voltemos a Madrid. Resulta que onte hab\u00eda 50 deputados en total seguindo as sesi\u00f3ns. Menor porcentaxe a\u00ednda de deputados que de xente que votou a Rajoy (xa se sabe, a\u00ednda que se intente transmitir o contrario, que o 50% de votos quedou lonxe, moi lonxe). Os polic\u00edas eran abondos m\u00e1is. E a masa de xente v\u00edase coas mans levantadas, a pesar dalgunha agresi\u00f3n da polic\u00eda. Si, seguro que houbo alg\u00fan alborotador. Pero antes dos balbordos xa hab\u00eda xente citada por inducir \u00e1 masa a eles (cousa que evidentemente non se produxo de xeito masivo), irrumpindo tam\u00e9n a polic\u00eda en reuni\u00f3ns ou transportes para pedir e tomar nota do dni, mandando neste segundo caso po\u00f1er as mans na cabeceira do asento de diante, como se fai cando se reistra a alg\u00fan sospeitoso &#8230;<\/p>\n<p>Esto, en troques de estado de dereito parece estado do rev\u00e9s de paso que se segue a perseguir a Robin Hood ou Guillermo Tell e se apoia a &#8230; vaites! agora non me lembro dos nomes: a literatura xa adiantou que os medi\u00e1ticos ser\u00edan os pequenos perseguidos como ladr\u00f3ns e non os beneficiarios dos grandes roubos.<\/p>\n","protected":false},"excerpt":{"rendered":"<p>Onte, 25 S, puiden ver v\u00eda web algo do sucedido en Madrid. E despois picar en varios debates televisivos. Certamente, non coincid\u00edan a r\u00faa e o mundo das cadeas de televisi\u00f3n. O mesmo d\u00eda, parec\u00eda haber tam\u00e9n unha inconsistencia interna en \u00c1ngela Merkel, \u00e1 que os xornais un d\u00eda presentan d\u00e1ndolle palmadi\u00f1as a Rajoy polo [&hellip;]<\/p>\n","protected":false},"author":3,"featured_media":0,"comment_status":"open","ping_status":"closed","sticky":false,"template":"","format":"standard","meta":{"activitypub_content_warning":"","activitypub_content_visibility":"","activitypub_max_image_attachments":3,"activitypub_interaction_policy_quote":"anyone","activitypub_status":"federated","footnotes":""},"categories":[1],"tags":[13],"class_list":["post-7372","post","type-post","status-publish","format-standard","hentry","category-sen-categoria","tag-politica"],"_links":{"self":[{"href":"https:\/\/blogs.amarinha.gal\/ribadeando\/wp-json\/wp\/v2\/posts\/7372","targetHints":{"allow":["GET"]}}],"collection":[{"href":"https:\/\/blogs.amarinha.gal\/ribadeando\/wp-json\/wp\/v2\/posts"}],"about":[{"href":"https:\/\/blogs.amarinha.gal\/ribadeando\/wp-json\/wp\/v2\/types\/post"}],"author":[{"embeddable":true,"href":"https:\/\/blogs.amarinha.gal\/ribadeando\/wp-json\/wp\/v2\/users\/3"}],"replies":[{"embeddable":true,"href":"https:\/\/blogs.amarinha.gal\/ribadeando\/wp-json\/wp\/v2\/comments?post=7372"}],"version-history":[{"count":0,"href":"https:\/\/blogs.amarinha.gal\/ribadeando\/wp-json\/wp\/v2\/posts\/7372\/revisions"}],"wp:attachment":[{"href":"https:\/\/blogs.amarinha.gal\/ribadeando\/wp-json\/wp\/v2\/media?parent=7372"}],"wp:term":[{"taxonomy":"category","embeddable":true,"href":"https:\/\/blogs.amarinha.gal\/ribadeando\/wp-json\/wp\/v2\/categories?post=7372"},{"taxonomy":"post_tag","embeddable":true,"href":"https:\/\/blogs.amarinha.gal\/ribadeando\/wp-json\/wp\/v2\/tags?post=7372"}],"curies":[{"name":"wp","href":"https:\/\/api.w.org\/{rel}","templated":true}]}}