{"id":7371,"date":"2012-09-27T07:42:00","date_gmt":"2012-09-27T05:42:00","guid":{"rendered":""},"modified":"2024-11-12T14:27:12","modified_gmt":"2024-11-12T13:27:12","slug":"xuntanza-politica","status":"publish","type":"post","link":"https:\/\/blogs.amarinha.gal\/ribadeando\/2012\/09\/27\/xuntanza-politica\/","title":{"rendered":"Xuntanza pol\u00edtica"},"content":{"rendered":"<p>Onte estaba convocada e tivo lugar unha xuntanza no local do restaurante Costa Verde para presentar a AGE, Alternativa galega de esquerdas. 35 persoas pasaron por al\u00ed, de diversas formaci\u00f3ns pol\u00edticas alg\u00fans, os organizadores, e xente non afiliada a ningunha a maior\u00eda, a maior\u00eda mesma, como corresponde \u00e1 realidade social.<\/p>\n<p>Dous candidatos mari\u00f1anos, entre eles Iv\u00e1n Rodriguez Lombardero, en posto n\u00ba 14, que en ning\u00fan momento fixeron campa\u00f1a electoral, sen\u00f3n sinxelamente informativa, acompa\u00f1ados por xente dos aprtidos constitu\u00edntes e sen mediar oita diferenza, por unha gama heterox\u00e9nea de xente que en xeral se podr\u00eda definir cabreada e con ganas de participaci\u00f3n e fartazgo do sistema pol\u00edtico, de esquerdas nun sentido amplo e cun certo sentemento ecoloxista ou nacionalista.<\/p>\n<p>As expectativas son modestas, a\u00ednda que quiz\u00e1is caiba dicir realistas, pero o \u00e1nimo de consenso para constru\u00edr unha unha realidade diferente e o pulo observado poden suplir faltas como a de cartos, visibilidade actual ou unha organizaci\u00f3n que est\u00e1 a comezar \u00f3 p\u00e9 das elecci\u00f3ns.<\/p>\n","protected":false},"excerpt":{"rendered":"<p>Onte estaba convocada e tivo lugar unha xuntanza no local do restaurante Costa Verde para presentar a AGE, Alternativa galega de esquerdas. 35 persoas pasaron por al\u00ed, de diversas formaci\u00f3ns pol\u00edticas alg\u00fans, os organizadores, e xente non afiliada a ningunha a maior\u00eda, a maior\u00eda mesma, como corresponde \u00e1 realidade social. Dous candidatos mari\u00f1anos, entre eles [&hellip;]<\/p>\n","protected":false},"author":3,"featured_media":0,"comment_status":"open","ping_status":"closed","sticky":false,"template":"","format":"standard","meta":{"activitypub_content_warning":"","activitypub_content_visibility":"","activitypub_max_image_attachments":3,"activitypub_interaction_policy_quote":"anyone","activitypub_status":"federated","footnotes":""},"categories":[1],"tags":[13],"class_list":["post-7371","post","type-post","status-publish","format-standard","hentry","category-sen-categoria","tag-politica"],"_links":{"self":[{"href":"https:\/\/blogs.amarinha.gal\/ribadeando\/wp-json\/wp\/v2\/posts\/7371","targetHints":{"allow":["GET"]}}],"collection":[{"href":"https:\/\/blogs.amarinha.gal\/ribadeando\/wp-json\/wp\/v2\/posts"}],"about":[{"href":"https:\/\/blogs.amarinha.gal\/ribadeando\/wp-json\/wp\/v2\/types\/post"}],"author":[{"embeddable":true,"href":"https:\/\/blogs.amarinha.gal\/ribadeando\/wp-json\/wp\/v2\/users\/3"}],"replies":[{"embeddable":true,"href":"https:\/\/blogs.amarinha.gal\/ribadeando\/wp-json\/wp\/v2\/comments?post=7371"}],"version-history":[{"count":0,"href":"https:\/\/blogs.amarinha.gal\/ribadeando\/wp-json\/wp\/v2\/posts\/7371\/revisions"}],"wp:attachment":[{"href":"https:\/\/blogs.amarinha.gal\/ribadeando\/wp-json\/wp\/v2\/media?parent=7371"}],"wp:term":[{"taxonomy":"category","embeddable":true,"href":"https:\/\/blogs.amarinha.gal\/ribadeando\/wp-json\/wp\/v2\/categories?post=7371"},{"taxonomy":"post_tag","embeddable":true,"href":"https:\/\/blogs.amarinha.gal\/ribadeando\/wp-json\/wp\/v2\/tags?post=7371"}],"curies":[{"name":"wp","href":"https:\/\/api.w.org\/{rel}","templated":true}]}}