{"id":7366,"date":"2012-10-04T07:50:00","date_gmt":"2012-10-04T05:50:00","guid":{"rendered":""},"modified":"2024-11-12T14:27:05","modified_gmt":"2024-11-12T13:27:05","slug":"comeza-ou-comezou","status":"publish","type":"post","link":"https:\/\/blogs.amarinha.gal\/ribadeando\/2012\/10\/04\/comeza-ou-comezou\/","title":{"rendered":"Comeza ou comezou?"},"content":{"rendered":"<p>Din que esta noite comeza. Non \u00e9 certo: a campa\u00f1a electoral leva xa en marcha dende as pasadas elecci\u00f3ns, se ben pola dispersi\u00f3n destes \u00faltimos tempos, alg\u00fans grupos s\u00f3 puideron sumarse a ela cando se constitu\u00edron, hai pouco.<\/p>\n<p>Din que comeza, pero a Xunta Electoral xa leva uns cantos apercibimentos, en particular \u00f3 PP. Sanci\u00f3ns? Vamos, que estamos a falar de pol\u00edticos, e te\u00f1en escasas responsabilidades!<\/p>\n<p>Por outra banda, comezar\u00e1n esta noite coa colada de carteis. Un acto na actualidade m\u00e1is para sa\u00edr nos medios que para cautivar direitamente a vontade dos electores. Coa mesma intenci\u00f3n continuar\u00e1n cos m\u00edtines: non para convencer a quenes acudan, sen\u00f3n para ocupar un posto visible nas novas.<\/p>\n<p>Hai partidos que centran a petici\u00f3n, a visibilidade, sobre o propio partido como tal: a\u00ednda non lograron (e lamentan non ter) unha cabeza ben visible. Outros, m\u00e1is asentados e tradicionais, po\u00f1en \u00e9nfase sobre o candidato mellor posicionado. Quen non deu logrado un programa concreto, salienta o propio programa. E as\u00ed sucesivamente.<\/p>\n<p>Mentras, as mesmas novas seguen ocupadas por visitas de pol\u00edticos, declaraci\u00f3ns de partidos, xuntanzas de diversos tipos &#8230; Onte o candidato de CxG xuntouse con representantes de ACISA Ribadeo. Non est\u00e1 previsto que ning\u00fan representante se xunte cos veci\u00f1os ou con representantes deles, en li\u00f1a con que o concello (controlado por outra formaci\u00f3n pol\u00edtica, como \u00e9 sabido, entre outras cousas porque CxG non exist\u00eda cando as \u00faltimas elecci\u00f3ns municipais), \u00e9 deicir, outra rama do entramado pol\u00edtico, discrimine na s\u00faa proposta de participaci\u00f3n cidad\u00e1 as asociaci\u00f3ns de veci\u00f1os fronte \u00f3 &#8216;Consello Econ\u00f3mico Social&#8217; controlado polas asociaci\u00f3ns empresariais, como sucede en outros moitos concellos.<\/p>\n<p>Quen vai sa\u00edr? P\u00f3dese facer un progn\u00f3stico, pero \u00e9 ma\u00eds doado facelo sobre outra pregunta: que vai cambiar? Ou a\u00ednda sobre outra, m\u00e1is ret\u00f3rica: quitar\u00e1 de seguir loitando polos nosos dereitos e polo noso futuro?<\/p>\n","protected":false},"excerpt":{"rendered":"<p>Din que esta noite comeza. Non \u00e9 certo: a campa\u00f1a electoral leva xa en marcha dende as pasadas elecci\u00f3ns, se ben pola dispersi\u00f3n destes \u00faltimos tempos, alg\u00fans grupos s\u00f3 puideron sumarse a ela cando se constitu\u00edron, hai pouco. Din que comeza, pero a Xunta Electoral xa leva uns cantos apercibimentos, en particular \u00f3 PP. Sanci\u00f3ns? [&hellip;]<\/p>\n","protected":false},"author":3,"featured_media":0,"comment_status":"open","ping_status":"closed","sticky":false,"template":"","format":"standard","meta":{"activitypub_content_warning":"","activitypub_content_visibility":"","activitypub_max_image_attachments":3,"activitypub_interaction_policy_quote":"anyone","activitypub_status":"federated","footnotes":""},"categories":[1],"tags":[98,48,78,13],"class_list":["post-7366","post","type-post","status-publish","format-standard","hentry","category-sen-categoria","tag-acisa","tag-eleccions","tag-participacion","tag-politica"],"_links":{"self":[{"href":"https:\/\/blogs.amarinha.gal\/ribadeando\/wp-json\/wp\/v2\/posts\/7366","targetHints":{"allow":["GET"]}}],"collection":[{"href":"https:\/\/blogs.amarinha.gal\/ribadeando\/wp-json\/wp\/v2\/posts"}],"about":[{"href":"https:\/\/blogs.amarinha.gal\/ribadeando\/wp-json\/wp\/v2\/types\/post"}],"author":[{"embeddable":true,"href":"https:\/\/blogs.amarinha.gal\/ribadeando\/wp-json\/wp\/v2\/users\/3"}],"replies":[{"embeddable":true,"href":"https:\/\/blogs.amarinha.gal\/ribadeando\/wp-json\/wp\/v2\/comments?post=7366"}],"version-history":[{"count":0,"href":"https:\/\/blogs.amarinha.gal\/ribadeando\/wp-json\/wp\/v2\/posts\/7366\/revisions"}],"wp:attachment":[{"href":"https:\/\/blogs.amarinha.gal\/ribadeando\/wp-json\/wp\/v2\/media?parent=7366"}],"wp:term":[{"taxonomy":"category","embeddable":true,"href":"https:\/\/blogs.amarinha.gal\/ribadeando\/wp-json\/wp\/v2\/categories?post=7366"},{"taxonomy":"post_tag","embeddable":true,"href":"https:\/\/blogs.amarinha.gal\/ribadeando\/wp-json\/wp\/v2\/tags?post=7366"}],"curies":[{"name":"wp","href":"https:\/\/api.w.org\/{rel}","templated":true}]}}