{"id":7365,"date":"2012-10-05T08:06:00","date_gmt":"2012-10-05T06:06:00","guid":{"rendered":""},"modified":"2024-11-12T14:27:01","modified_gmt":"2024-11-12T13:27:01","slug":"estou-en-campana","status":"publish","type":"post","link":"https:\/\/blogs.amarinha.gal\/ribadeando\/2012\/10\/05\/estou-en-campana\/","title":{"rendered":"Estou en campa\u00f1a"},"content":{"rendered":"<p>Con anterioridade a hoxe, o <a href=\"http:\/\/gl.wikipedia.org\/wiki\/Piratas_de_Galicia\" target=\"_blank\" rel=\"noopener\">Partido Pirata<\/a> apareceu no blog en d\u00faas ocasi\u00f3ns (<a href=\"http:\/\/ribadeando.blogspot.com\/2009\/11\/plan-e-de-novo.html\" target=\"_blank\" rel=\"noopener\">1<\/a>, <a href=\"http:\/\/ribadeando.blogspot.com\/2009\/07\/segmentacion-da-politica.html\" target=\"_blank\" rel=\"noopener\">2<\/a>) Hoxe aparece unha terceira con motivo da <a href=\"http:\/\/www.blogger.com\/blogger.g?blogID=15323181#editor\/target=post;postID=3597724033909051311\" target=\"_blank\" rel=\"noopener\">publicaci\u00f3n das listas electorais<\/a>. Si, xa sei que foi hai alg\u00fans d\u00edas. E eu mesmo, no xornal (Voz, 21 de setembro, non hai versi\u00f3n na rede), non lle din importancia algunha, cualificando a mi\u00f1a inclusi\u00f3n no posto 13 da lista de <a href=\"http:\/\/piratasdegalicia.org\/web\/\">Pirata.gal<\/a> por Ourense de &#8216;anecd\u00f3tica&#8217;. A\u00ednda as\u00ed, e xa que hoxe me atopo internet inundado de cousas sobre pegadas de carteis, ataques e defensas, deixo aqu\u00ed o comentario do articulista cando deu a nova (colgo o artigo escaneado abaixo): &#8216;<em>un partido de \u00e1mbito gallego, que promueve la democracia directa y que, entre otros, tiene como objetivo defender la cultura como un bien com\u00fan a cuyo acceso todos los ciudadanos tienen derecho<\/em>&#8216;.<\/p>\n<p>Present\u00e1ndome por Ourense, non creo que esta entrada sexa moita propaganda, pois non hai moitos lectores ourens\u00e1ns, que eu saiba. Tam\u00e9n, dicir que sendo funcionario, ter\u00eda dereito a pedir libres os d\u00e1is da campa\u00f1a electoral, cousa que non se me pasou pola cabeza.<\/p>\n<p>As\u00ed pois, non creo que faga moita m\u00e1is propaganda no blog sobre o tema, a\u00ednda que supo\u00f1o que si o usarei para ilustrar algunhas cousas da\/na campa\u00f1a &#8230;<\/p>\n<p><a href=\"https:\/\/blogger.googleusercontent.com\/img\/b\/R29vZ2xl\/AVvXsEi_eCHhXl2OUpDYbH4IQRn0BerLtqOA1SuGB0k3ETgeMYQI5uqtZogQfUqFmhL4CnvfMNLG4XLjRMfGJR6HWrOllUbVj_cNgngfXh0uxxZ39bzQKqg0-Y5K1QXxfePcnU8unZU8iA\/s2048\/Pirata2.gal.jpg\" imageanchor=\"1\" style=\"margin-left: 1em; margin-right: 1em;\"><img loading=\"lazy\" decoding=\"async\" height=\"640\" src=\"https:\/\/blogger.googleusercontent.com\/img\/b\/R29vZ2xl\/AVvXsEi_eCHhXl2OUpDYbH4IQRn0BerLtqOA1SuGB0k3ETgeMYQI5uqtZogQfUqFmhL4CnvfMNLG4XLjRMfGJR6HWrOllUbVj_cNgngfXh0uxxZ39bzQKqg0-Y5K1QXxfePcnU8unZU8iA\/s2048\/Pirata2.gal.jpg\" width=\"542\" \/><\/a><\/p>\n","protected":false},"excerpt":{"rendered":"<p>Con anterioridade a hoxe, o Partido Pirata apareceu no blog en d\u00faas ocasi\u00f3ns (1, 2) Hoxe aparece unha terceira con motivo da publicaci\u00f3n das listas electorais. Si, xa sei que foi hai alg\u00fans d\u00edas. E eu mesmo, no xornal (Voz, 21 de setembro, non hai versi\u00f3n na rede), non lle din importancia algunha, cualificando a [&hellip;]<\/p>\n","protected":false},"author":3,"featured_media":0,"comment_status":"open","ping_status":"closed","sticky":false,"template":"","format":"standard","meta":{"activitypub_content_warning":"","activitypub_content_visibility":"","activitypub_max_image_attachments":3,"activitypub_interaction_policy_quote":"anyone","activitypub_status":"federated","footnotes":""},"categories":[1],"tags":[],"class_list":["post-7365","post","type-post","status-publish","format-standard","hentry","category-sen-categoria"],"_links":{"self":[{"href":"https:\/\/blogs.amarinha.gal\/ribadeando\/wp-json\/wp\/v2\/posts\/7365","targetHints":{"allow":["GET"]}}],"collection":[{"href":"https:\/\/blogs.amarinha.gal\/ribadeando\/wp-json\/wp\/v2\/posts"}],"about":[{"href":"https:\/\/blogs.amarinha.gal\/ribadeando\/wp-json\/wp\/v2\/types\/post"}],"author":[{"embeddable":true,"href":"https:\/\/blogs.amarinha.gal\/ribadeando\/wp-json\/wp\/v2\/users\/3"}],"replies":[{"embeddable":true,"href":"https:\/\/blogs.amarinha.gal\/ribadeando\/wp-json\/wp\/v2\/comments?post=7365"}],"version-history":[{"count":0,"href":"https:\/\/blogs.amarinha.gal\/ribadeando\/wp-json\/wp\/v2\/posts\/7365\/revisions"}],"wp:attachment":[{"href":"https:\/\/blogs.amarinha.gal\/ribadeando\/wp-json\/wp\/v2\/media?parent=7365"}],"wp:term":[{"taxonomy":"category","embeddable":true,"href":"https:\/\/blogs.amarinha.gal\/ribadeando\/wp-json\/wp\/v2\/categories?post=7365"},{"taxonomy":"post_tag","embeddable":true,"href":"https:\/\/blogs.amarinha.gal\/ribadeando\/wp-json\/wp\/v2\/tags?post=7365"}],"curies":[{"name":"wp","href":"https:\/\/api.w.org\/{rel}","templated":true}]}}