{"id":7362,"date":"2012-10-07T21:53:00","date_gmt":"2012-10-07T19:53:00","guid":{"rendered":""},"modified":"2024-11-12T14:26:54","modified_gmt":"2024-11-12T13:26:54","slug":"estudando-os-resultados-das-galegas-2009","status":"publish","type":"post","link":"https:\/\/blogs.amarinha.gal\/ribadeando\/2012\/10\/07\/estudando-os-resultados-das-galegas-2009\/","title":{"rendered":"Estudando os resultados das galegas 2009"},"content":{"rendered":"<p>S\u00f3 son 5 gr\u00e1ficos, collendo os datos das pasadas elecci\u00f3ns auton\u00f3micas (2009). Poden parecer semellantes, pero veremos a continuaci\u00f3n que expresan diferenzas notables. En particular, porque as cores non te\u00f1en a mesma asignaci\u00f3n nuns e nos outros &#8230; <\/p>\n<p><a href=\"https:\/\/blogger.googleusercontent.com\/img\/b\/R29vZ2xl\/AVvXsEin6JSzPB9TtU7GEPk9DTLbu584fdYsgifJ7RpQFuFILq-GA7OtJZ_lujQlHfZUWnZTgHGVVDLbN8mgtaMWVNVPmXLJjG16m6z31W2TdkKY_e-dE6fPseXeKRbthci6wHzMIs68Sw\/s2048\/Galicia+2009.jpg\" imageanchor=\"1\" style=\"margin-left: 1em; margin-right: 1em;\"><img loading=\"lazy\" decoding=\"async\" height=\"266\" src=\"https:\/\/blogger.googleusercontent.com\/img\/b\/R29vZ2xl\/AVvXsEin6JSzPB9TtU7GEPk9DTLbu584fdYsgifJ7RpQFuFILq-GA7OtJZ_lujQlHfZUWnZTgHGVVDLbN8mgtaMWVNVPmXLJjG16m6z31W2TdkKY_e-dE6fPseXeKRbthci6wHzMIs68Sw\/s2048\/Galicia+2009.jpg\" width=\"640\" \/><\/a><\/p>\n<p>Por partes:<\/p>\n<p>Gr\u00e1fica 1.<\/p>\n<p><a href=\"https:\/\/blogger.googleusercontent.com\/img\/b\/R29vZ2xl\/AVvXsEg3dWXJ6UbqMr_fwt73oijethMTfLZWNRw6LXljX5iRDbILpDhdplIKTMl0e3u1vTxeoDMW78IaHkyWJ8HWSBfoq3mefOmobRqzQIlMmRl1ygXs8d7C6Of7m2Gns-O-8y2UfiNVnA\/s2048\/eleccions+2009+1.jpg\" imageanchor=\"1\" style=\"margin-left: 1em; margin-right: 1em;\"><img loading=\"lazy\" decoding=\"async\" height=\"461\" src=\"https:\/\/blogger.googleusercontent.com\/img\/b\/R29vZ2xl\/AVvXsEg3dWXJ6UbqMr_fwt73oijethMTfLZWNRw6LXljX5iRDbILpDhdplIKTMl0e3u1vTxeoDMW78IaHkyWJ8HWSBfoq3mefOmobRqzQIlMmRl1ygXs8d7C6Of7m2Gns-O-8y2UfiNVnA\/s2048\/eleccions+2009+1.jpg\" width=\"640\" \/><\/a><\/p>\n<p>Normalmente, en Galicia, falando de partidos, s\u00f3ese falar do &#8216;3 grandes&#8217; e o resto. Coll\u00edn os 4 con m\u00e1is votos para facer a representaci\u00f3n da porcentaxe da tarta obtida entre eles; \u00e9 dicir, s\u00f3 cos seus votos, sen cotnar brancos, nulos, abstenci\u00f3n ou votos a outros partidos. O m\u00e1is destacable \u00e9 que o PP non ten maior\u00eda absoluta nin a\u00ednda contando s\u00f3 as partes anteditas dos electores, a\u00ednda que se achega.<\/p>\n<p>Gr\u00e1fica 2: <\/p>\n<p><a href=\"https:\/\/blogger.googleusercontent.com\/img\/b\/R29vZ2xl\/AVvXsEiwjonjvAdZd6hp9B6z3QL0YkaolA5USt65wZ386Qq8bYMZfKk6RZYX3AK9_xqGG6w6hjC2mGT5kQjFsYpvQMltrNafJwksCa-3KG9oR-rEz0-061aAd5rRX8NRlDFqurinZ75NuQ\/s2048\/eleccions+2009+2.jpg\" imageanchor=\"1\" style=\"margin-left: 1em; margin-right: 1em;\"><img loading=\"lazy\" decoding=\"async\" height=\"446\" src=\"https:\/\/blogger.googleusercontent.com\/img\/b\/R29vZ2xl\/AVvXsEiwjonjvAdZd6hp9B6z3QL0YkaolA5USt65wZ386Qq8bYMZfKk6RZYX3AK9_xqGG6w6hjC2mGT5kQjFsYpvQMltrNafJwksCa-3KG9oR-rEz0-061aAd5rRX8NRlDFqurinZ75NuQ\/s2048\/eleccions+2009+2.jpg\" width=\"640\" \/><\/a><\/p>\n<p>Parella \u00e1 anterior, pero aqu\u00ed c\u00f3ntanse os votos a outros partidos (non abstenci\u00f3n, brancos ou nulos). A suma PSOE+BNG al\u00f3nxase do 50% que estaba \u00f3 alcande da man na gr\u00e1fica 1.<\/p>\n<p>Gr\u00e1fica 3: <\/p>\n<p><a href=\"https:\/\/blogger.googleusercontent.com\/img\/b\/R29vZ2xl\/AVvXsEh3oxhZzkuziz55sRBEcA-brV8wclRmEVIPtPLdrqOQN4SmUdE3-i3tU4II0TimUMeUfdMMwPmmniYZxTJwmUJC80u3kLmeOp8FnrWaiZcK-J3O4ScL8tu9gcwSSO-TaaP1yWn_Yg\/s2048\/eleccions+2009+3.jpg\" imageanchor=\"1\" style=\"margin-left: 1em; margin-right: 1em;\"><img loading=\"lazy\" decoding=\"async\" height=\"460\" src=\"https:\/\/blogger.googleusercontent.com\/img\/b\/R29vZ2xl\/AVvXsEh3oxhZzkuziz55sRBEcA-brV8wclRmEVIPtPLdrqOQN4SmUdE3-i3tU4II0TimUMeUfdMMwPmmniYZxTJwmUJC80u3kLmeOp8FnrWaiZcK-J3O4ScL8tu9gcwSSO-TaaP1yWn_Yg\/s2048\/eleccions+2009+3.jpg\" width=\"640\" \/><\/a><\/p>\n<p>Os escanos obtidos. A maior\u00eda absoluta do PP d\u00e9ixase ver. <\/p>\n<p>Gr\u00e1fica 4: <\/p>\n<p><a href=\"https:\/\/blogger.googleusercontent.com\/img\/b\/R29vZ2xl\/AVvXsEiz8hKrtd6iXqZqGekSkCeZR-LyOZJ7MiA1V6SwmPtk7B3qgXxQUZl5OFMWiyQfjflvpgUqDzFGdKEeOPVwsAgzcy6mPG9mXGcQp2MHelmUnIzzQX2WkYmwAAMFA9r0OiK9hvib9g\/s2048\/eleccions+2009+4.jpg\" imageanchor=\"1\" style=\"margin-left: 1em; margin-right: 1em;\"><img loading=\"lazy\" decoding=\"async\" height=\"452\" src=\"https:\/\/blogger.googleusercontent.com\/img\/b\/R29vZ2xl\/AVvXsEiz8hKrtd6iXqZqGekSkCeZR-LyOZJ7MiA1V6SwmPtk7B3qgXxQUZl5OFMWiyQfjflvpgUqDzFGdKEeOPVwsAgzcy6mPG9mXGcQp2MHelmUnIzzQX2WkYmwAAMFA9r0OiK9hvib9g\/s2048\/eleccions+2009+4.jpg\" width=\"640\" \/><\/a><\/p>\n<p>Os resultados anteriores son considerando os votos obtidos en toda Galicia, como se fora unha circunscripci\u00f3n \u00fanica, e sen l\u00edmite inferior de votos para obter escano. A diferencia fundamental \u00e9 que coa entrada de UPyD, o PP perde a maior\u00eda absoluta. <\/p>\n<p>Gr\u00e1fica 5: <\/p>\n<table align=\"center\" cellpadding=\"0\" cellspacing=\"0\" class=\"tr-caption-container\" style=\"margin-left: auto; margin-right: auto; text-align: center;\">\n<tbody>\n<tr>\n<td style=\"text-align: center;\"><img loading=\"lazy\" decoding=\"async\" height=\"459\" src=\"https:\/\/blogger.googleusercontent.com\/img\/b\/R29vZ2xl\/AVvXsEjbaSs8yWamK5r9HGyXVlujOJHkMOKAsF4je713EQ1r5E9dkgKFkLqbMfOG-XYzAeiOv4p5oFPIM63ukbDCxVzvZH69nY0dwsiwu0STpufaBvQ0g8cVHXyYNcyzq0BTGZQsoFjffA\/s2048\/eleccions+2009+5.jpg\" width=\"640\" \/><\/td>\n<\/tr>\n<tr>\n<td class=\"tr-caption\" style=\"text-align: center;\"><\/td>\n<\/tr>\n<\/tbody>\n<\/table>\n<p>A \u00faltima gr\u00e1fica representa os escanos considerando a abstenci\u00f3n como un partido m\u00e1is, circunscrici\u00f3n a circunscrici\u00f3n. Unha alinaza PP+PSOE pod\u00eda facerse coa maior\u00eda absoluta da c\u00e1mara&#8230;<\/p>\n<p>Unha gr\u00e1fica m\u00e1is non inclu\u00edda nas anteriores:<\/p>\n<p>Gr\u00e1fica 6:<\/p>\n<p><a href=\"https:\/\/blogger.googleusercontent.com\/img\/b\/R29vZ2xl\/AVvXsEiqI3UewZXkA6F7mC9v0PzaiEaa2zoUr9gjMdY_EQaNG6qokaWETL-GZZO-z4_hqdZrY_gGuKSIT61sdeoWhyV80cYlhnkzJJb5fB-1lsIFaETzHPL1l956tMkraBmauaCnGb9lug\/s2048\/eleccions+2009+6.jpg\" imageanchor=\"1\" style=\"margin-left: 1em; margin-right: 1em;\"><img loading=\"lazy\" decoding=\"async\" height=\"490\" src=\"https:\/\/blogger.googleusercontent.com\/img\/b\/R29vZ2xl\/AVvXsEiqI3UewZXkA6F7mC9v0PzaiEaa2zoUr9gjMdY_EQaNG6qokaWETL-GZZO-z4_hqdZrY_gGuKSIT61sdeoWhyV80cYlhnkzJJb5fB-1lsIFaETzHPL1l956tMkraBmauaCnGb9lug\/s2048\/eleccions+2009+6.jpg\" width=\"640\" \/><\/a><\/p>\n<p>&nbsp;\u00c9 parella a anterior, cunha soa circunscrici\u00f3n, e na que se ve que o BNG gana peso, mentras o PP p\u00e9rdeo &#8230;<\/p>\n<p>Por esta, non van os c\u00e1lculos coa reducci\u00f3n de escanos que foi proposta. Queda tempo antes das elecci\u00f3ns de facer novos c\u00e1lculos. Pero o importante non son os c\u00e1lculos, sen\u00f3n as consecuencias. E vese claramente a importancia fundamental da abstenci\u00f3n (que se di aumentar\u00e1 esta volta), como para pretender que \u00e9 un apoio \u00f3 goberno, ou que quen se abst\u00e9n lle est\u00e1 a facer o xogo \u00f3 PP (dous xeitos de mirar cunha idea \u00fanica, dende dous puntos de vista &#8230;)<\/p>\n<p>Adem\u00e1is, vese a importancia doutras cousas, como a distribuci\u00f3n de circunscrici\u00f3ns, por po\u00f1er un caso. <\/p>\n<p>S\u00f3 dicir: continuar\u00e1.<\/p>\n","protected":false},"excerpt":{"rendered":"<p>S\u00f3 son 5 gr\u00e1ficos, collendo os datos das pasadas elecci\u00f3ns auton\u00f3micas (2009). Poden parecer semellantes, pero veremos a continuaci\u00f3n que expresan diferenzas notables. En particular, porque as cores non te\u00f1en a mesma asignaci\u00f3n nuns e nos outros &#8230; Por partes: Gr\u00e1fica 1. Normalmente, en Galicia, falando de partidos, s\u00f3ese falar do &#8216;3 grandes&#8217; e o [&hellip;]<\/p>\n","protected":false},"author":3,"featured_media":0,"comment_status":"open","ping_status":"closed","sticky":false,"template":"","format":"standard","meta":{"activitypub_content_warning":"","activitypub_content_visibility":"","activitypub_max_image_attachments":3,"activitypub_interaction_policy_quote":"anyone","activitypub_status":"federated","footnotes":""},"categories":[1],"tags":[48,13],"class_list":["post-7362","post","type-post","status-publish","format-standard","hentry","category-sen-categoria","tag-eleccions","tag-politica"],"_links":{"self":[{"href":"https:\/\/blogs.amarinha.gal\/ribadeando\/wp-json\/wp\/v2\/posts\/7362","targetHints":{"allow":["GET"]}}],"collection":[{"href":"https:\/\/blogs.amarinha.gal\/ribadeando\/wp-json\/wp\/v2\/posts"}],"about":[{"href":"https:\/\/blogs.amarinha.gal\/ribadeando\/wp-json\/wp\/v2\/types\/post"}],"author":[{"embeddable":true,"href":"https:\/\/blogs.amarinha.gal\/ribadeando\/wp-json\/wp\/v2\/users\/3"}],"replies":[{"embeddable":true,"href":"https:\/\/blogs.amarinha.gal\/ribadeando\/wp-json\/wp\/v2\/comments?post=7362"}],"version-history":[{"count":0,"href":"https:\/\/blogs.amarinha.gal\/ribadeando\/wp-json\/wp\/v2\/posts\/7362\/revisions"}],"wp:attachment":[{"href":"https:\/\/blogs.amarinha.gal\/ribadeando\/wp-json\/wp\/v2\/media?parent=7362"}],"wp:term":[{"taxonomy":"category","embeddable":true,"href":"https:\/\/blogs.amarinha.gal\/ribadeando\/wp-json\/wp\/v2\/categories?post=7362"},{"taxonomy":"post_tag","embeddable":true,"href":"https:\/\/blogs.amarinha.gal\/ribadeando\/wp-json\/wp\/v2\/tags?post=7362"}],"curies":[{"name":"wp","href":"https:\/\/api.w.org\/{rel}","templated":true}]}}