{"id":7361,"date":"2012-10-08T21:56:00","date_gmt":"2012-10-08T19:56:00","guid":{"rendered":""},"modified":"2024-11-12T14:26:47","modified_gmt":"2024-11-12T13:26:47","slug":"e-se-no-2009-tiveramos-61-escanos","status":"publish","type":"post","link":"https:\/\/blogs.amarinha.gal\/ribadeando\/2012\/10\/08\/e-se-no-2009-tiveramos-61-escanos\/","title":{"rendered":"E se no 2009 tiveramos 61 escanos?"},"content":{"rendered":"<p>Que ter\u00eda pasado?<\/p>\n<p>Ben, queda primeiro o reparto de escanos, en funci\u00f3n da poboaci\u00f3n. Como o estatuto establece que cada provincia ten un m\u00ednimo de 10, e o resto repartese por poboaci\u00f3n, a distribuci\u00f3n, unha vez axustada \u00f3 novo censo e feito o redondeo, coido que quedar\u00eda (a falta dun axuste m\u00e1is finosegundo os criterios de poboaci\u00f3n considerados en relaci\u00f3n \u00f3 ano anterior ou \u00f3 mesmo, etc):<\/p>\n<p>A Coru\u00f1a 18<\/p>\n<p>Lugo 13<\/p>\n<p>Ourense 13<\/p>\n<p>Pontevedra 17<\/p>\n<p>Evidentemente, o criterio favorece \u00e1s provincias con menos poboaci\u00f3n e m\u00e1is rurais, con votos en principio m\u00e1is tendentes a ser recollidos polo PP. <\/p>\n<p>Con eses n\u00fameros e os votos de 2009, poderiamos obter as seguintes gr\u00e1ficas, adaptaci\u00f3n de d\u00faas das correspondentes na <a href=\"http:\/\/ribadeando.blogspot.com.es\/2012\/10\/estudando-os-resultados-das-galegas-2009.html\" target=\"_blank\" rel=\"noopener\">entrada anterior<\/a>:<\/p>\n<p><a href=\"https:\/\/blogger.googleusercontent.com\/img\/b\/R29vZ2xl\/AVvXsEhWx1uU86kBiHxLLMU66ZZ_msRjMgpV6b73o0ucJXpcFIggiVSGLji-296BPCR82lt4hokPV_6JLF6Tt-E5rWYannG_g1mQR1Zi5GApS1pXt4Rn1SzBGWb1k-RFwY5Toc0V2NxJAw\/s2048\/61+escanos.jpg\" imageanchor=\"1\" style=\"margin-left: 1em; margin-right: 1em;\"><img loading=\"lazy\" decoding=\"async\" height=\"204\" src=\"https:\/\/blogger.googleusercontent.com\/img\/b\/R29vZ2xl\/AVvXsEhWx1uU86kBiHxLLMU66ZZ_msRjMgpV6b73o0ucJXpcFIggiVSGLji-296BPCR82lt4hokPV_6JLF6Tt-E5rWYannG_g1mQR1Zi5GApS1pXt4Rn1SzBGWb1k-RFwY5Toc0V2NxJAw\/s2048\/61+escanos.jpg\" width=\"640\" \/><\/a><\/p>\n<p>Na da esquerda estar\u00eda a distribuci\u00f3n de escanos correspondentes a cada partido polo acutal sistema, pero con circunscrici\u00f3n \u00fanica. Notamos que o PP segue a manter a maior\u00eda absoluta, pero UPyD desaparecer\u00eda dese hipot\u00e9tico Parlamento. A relaci\u00f3n de forzas \u00e9 relativamente proporcional \u00f3s votos de cada partido, se ben saer\u00eda beneficiado o PP, d\u00e1ndolle a absoluta.<\/p>\n<p>Na gr\u00e1fica da dereita ser\u00eda a representaci\u00f3n gr\u00e1fica de ter considerado catro circunscrici\u00f3ns, pero a abstenci\u00f3n (repito, s\u00f3 a abstenci\u00f3n, non brancos ou nulos) como partido. Neste caso, por cousa das estat\u00edsticas, a\u00ednda que hai provincia a provincia diferencias, en conxunto non se nota moito a diferenza con ter 75 escanos, pero sae lixeiramente m\u00e1is perxudicado o &#8216;partido abstencionista&#8217; que os partidos tradicionais. Cousas &#8230;<\/p>\n","protected":false},"excerpt":{"rendered":"<p>Que ter\u00eda pasado? Ben, queda primeiro o reparto de escanos, en funci\u00f3n da poboaci\u00f3n. Como o estatuto establece que cada provincia ten un m\u00ednimo de 10, e o resto repartese por poboaci\u00f3n, a distribuci\u00f3n, unha vez axustada \u00f3 novo censo e feito o redondeo, coido que quedar\u00eda (a falta dun axuste m\u00e1is finosegundo os criterios [&hellip;]<\/p>\n","protected":false},"author":3,"featured_media":0,"comment_status":"open","ping_status":"closed","sticky":false,"template":"","format":"standard","meta":{"activitypub_content_warning":"","activitypub_content_visibility":"","activitypub_max_image_attachments":3,"activitypub_interaction_policy_quote":"anyone","activitypub_status":"federate","footnotes":""},"categories":[1],"tags":[48,86],"class_list":["post-7361","post","type-post","status-publish","format-standard","hentry","category-sen-categoria","tag-eleccions","tag-poboacion"],"_links":{"self":[{"href":"https:\/\/blogs.amarinha.gal\/ribadeando\/wp-json\/wp\/v2\/posts\/7361","targetHints":{"allow":["GET"]}}],"collection":[{"href":"https:\/\/blogs.amarinha.gal\/ribadeando\/wp-json\/wp\/v2\/posts"}],"about":[{"href":"https:\/\/blogs.amarinha.gal\/ribadeando\/wp-json\/wp\/v2\/types\/post"}],"author":[{"embeddable":true,"href":"https:\/\/blogs.amarinha.gal\/ribadeando\/wp-json\/wp\/v2\/users\/3"}],"replies":[{"embeddable":true,"href":"https:\/\/blogs.amarinha.gal\/ribadeando\/wp-json\/wp\/v2\/comments?post=7361"}],"version-history":[{"count":0,"href":"https:\/\/blogs.amarinha.gal\/ribadeando\/wp-json\/wp\/v2\/posts\/7361\/revisions"}],"wp:attachment":[{"href":"https:\/\/blogs.amarinha.gal\/ribadeando\/wp-json\/wp\/v2\/media?parent=7361"}],"wp:term":[{"taxonomy":"category","embeddable":true,"href":"https:\/\/blogs.amarinha.gal\/ribadeando\/wp-json\/wp\/v2\/categories?post=7361"},{"taxonomy":"post_tag","embeddable":true,"href":"https:\/\/blogs.amarinha.gal\/ribadeando\/wp-json\/wp\/v2\/tags?post=7361"}],"curies":[{"name":"wp","href":"https:\/\/api.w.org\/{rel}","templated":true}]}}