{"id":7357,"date":"2012-10-12T11:20:00","date_gmt":"2012-10-12T09:20:00","guid":{"rendered":""},"modified":"2024-11-12T14:26:40","modified_gmt":"2024-11-12T13:26:40","slug":"creando-opinion","status":"publish","type":"post","link":"https:\/\/blogs.amarinha.gal\/ribadeando\/2012\/10\/12\/creando-opinion\/","title":{"rendered":"Creando opini\u00f3n"},"content":{"rendered":"<p>Esta semana comezou o bar\u00f3metro electoral da Voz. A d\u00eda de hoxe, o que presenta \u00e9 <a href=\"http:\/\/media.lavozdegalicia.es\/\/default\/2012\/10\/11\/00171349992620623986827\/Fichero\/noticia12oct.html\" target=\"_blank\" rel=\"noopener\">isto<\/a>.<\/p>\n<p>Nin na web nin en papel vin os datos correspondentes para analizar a validez ou significatividade da enquisa. Certo que a empresa recibiu hai non moito unha xugosa subvenci\u00f3n por propaganda, pero a\u00ednda as\u00ed dubido que d\u00eda a d\u00eda sexa quen (e considere rendible) pagar unha enquisa con unha significaci\u00f3n abonda. Non a nivel Galicia como un todo e menos a nivel provincial, para facer o estudo circunscrici\u00f3n a circunscrici\u00f3n, necesario para prever o n\u00famero de escanos.<\/p>\n<p>Aparece na gr\u00e1fica da enquisa o n\u00famero de escanos dende o 7 de outubro. A d\u00eda de hoxe, queda (o gr\u00e1fico \u00e9 meu, pero cos datos da Voz):<\/p>\n<p><a href=\"https:\/\/blogger.googleusercontent.com\/img\/b\/R29vZ2xl\/AVvXsEhOvKnN3z885A2-7Ce8bgH0sXmNnncPkSmHgsoC7-jZ678CQBwpP3r7ZVOttFsPgjm2Jo6qYzJWezqzODvszhSIAfAy15Ty8YH8KeBLFvn5T8HnssvmGMG_aob08QHy-rZUxk24AQ\/s2048\/intenci%C3%B3n+de+escanos.jpg\" imageanchor=\"1\" style=\"margin-left: 1em; margin-right: 1em;\"><img loading=\"lazy\" decoding=\"async\" height=\"484\" src=\"https:\/\/blogger.googleusercontent.com\/img\/b\/R29vZ2xl\/AVvXsEhOvKnN3z885A2-7Ce8bgH0sXmNnncPkSmHgsoC7-jZ678CQBwpP3r7ZVOttFsPgjm2Jo6qYzJWezqzODvszhSIAfAy15Ty8YH8KeBLFvn5T8HnssvmGMG_aob08QHy-rZUxk24AQ\/s2048\/intenci%C3%B3n+de+escanos.jpg\" width=\"640\" \/><\/a><\/p>\n<p>P\u00faxenlle o t\u00edtulo de &#8216;intenci\u00f3n de escanos&#8217; e non de &#8216;intenci\u00f3n de voto&#8217; porque entendo que tal como se presenta no xornal, m\u00e1is ben se trata do primeiro que do segundo, comezando porque non se di a cantidade de enquisados que opina dun ou outro xeito, sen\u00f3n o n\u00famero de escanos. Chaman a atenci\u00f3n as variaci\u00f3ns que sofre algunha candidatura, en particular AG, en menos dunha semana, con altibaixos.<\/p>\n<p>Coido que m\u00e1is que facer progn\u00f3stico o que se tenta facer \u00e9 tendencia.<\/p>\n","protected":false},"excerpt":{"rendered":"<p>Esta semana comezou o bar\u00f3metro electoral da Voz. A d\u00eda de hoxe, o que presenta \u00e9 isto. Nin na web nin en papel vin os datos correspondentes para analizar a validez ou significatividade da enquisa. Certo que a empresa recibiu hai non moito unha xugosa subvenci\u00f3n por propaganda, pero a\u00ednda as\u00ed dubido que d\u00eda a [&hellip;]<\/p>\n","protected":false},"author":3,"featured_media":0,"comment_status":"open","ping_status":"closed","sticky":false,"template":"","format":"standard","meta":{"activitypub_content_warning":"","activitypub_content_visibility":"","activitypub_max_image_attachments":3,"activitypub_interaction_policy_quote":"anyone","activitypub_status":"federate","footnotes":""},"categories":[1],"tags":[48],"class_list":["post-7357","post","type-post","status-publish","format-standard","hentry","category-sen-categoria","tag-eleccions"],"_links":{"self":[{"href":"https:\/\/blogs.amarinha.gal\/ribadeando\/wp-json\/wp\/v2\/posts\/7357","targetHints":{"allow":["GET"]}}],"collection":[{"href":"https:\/\/blogs.amarinha.gal\/ribadeando\/wp-json\/wp\/v2\/posts"}],"about":[{"href":"https:\/\/blogs.amarinha.gal\/ribadeando\/wp-json\/wp\/v2\/types\/post"}],"author":[{"embeddable":true,"href":"https:\/\/blogs.amarinha.gal\/ribadeando\/wp-json\/wp\/v2\/users\/3"}],"replies":[{"embeddable":true,"href":"https:\/\/blogs.amarinha.gal\/ribadeando\/wp-json\/wp\/v2\/comments?post=7357"}],"version-history":[{"count":0,"href":"https:\/\/blogs.amarinha.gal\/ribadeando\/wp-json\/wp\/v2\/posts\/7357\/revisions"}],"wp:attachment":[{"href":"https:\/\/blogs.amarinha.gal\/ribadeando\/wp-json\/wp\/v2\/media?parent=7357"}],"wp:term":[{"taxonomy":"category","embeddable":true,"href":"https:\/\/blogs.amarinha.gal\/ribadeando\/wp-json\/wp\/v2\/categories?post=7357"},{"taxonomy":"post_tag","embeddable":true,"href":"https:\/\/blogs.amarinha.gal\/ribadeando\/wp-json\/wp\/v2\/tags?post=7357"}],"curies":[{"name":"wp","href":"https:\/\/api.w.org\/{rel}","templated":true}]}}