{"id":7354,"date":"2012-10-16T07:50:00","date_gmt":"2012-10-16T05:50:00","guid":{"rendered":""},"modified":"2024-11-12T14:26:36","modified_gmt":"2024-11-12T13:26:36","slug":"un-par-de-detalles","status":"publish","type":"post","link":"https:\/\/blogs.amarinha.gal\/ribadeando\/2012\/10\/16\/un-par-de-detalles\/","title":{"rendered":"Un par de detalles"},"content":{"rendered":"<p>Catro d\u00edas de campa\u00f1a, contando o presente. E c\u00e1usame curiosidade que hoxe non atope en internet o gr\u00e1fico enquisa da Voz, mentras aparece como nova principal que se van de Galicia t\u00f3dolos meses 2 000 persoas de entre 20 e 34 anos.<\/p>\n<p>Onte mesmo coment\u00e1balle por escrito a un amigo que a percepci\u00f3n sobre o resultado das elecci\u00f3ns inclin\u00e1base de novo cara \u00e1 dereita, mesmo nun d\u00eda no que a m\u00e1quina de tendencia da Voz daba a m\u00e1xima cantidade de escanos a AGE. Agora preg\u00fantome se eses 2 000 galegos votar\u00e1n. Seguro que boa parte, non: te\u00f1en outros problemas e dificultades do momento. Pero a\u00ednda que non depositen o voto, votan coa opini\u00f3n, coas verbas, cos seus p\u00e9s. \u00d3 final, ningu\u00e9n sabe que vai resultar do 21 O, pero cada vez m\u00e1is, todos participamos, a\u00ednda que se vote por minoritarios, en branco, ou non se vote. Sexa cal sexa o resultado, a actividade e a percepci\u00f3n da xente \u00e9 diferente a anteriores veces. En parte, polo 15 M. En parte, pola situaci\u00f3n econ\u00f3mica. En parte, pola situaci\u00f3n social. En parte, pola corrupci\u00f3n. En parte pola xa inocultable degradaci\u00f3n do planeta e escasez de recursos. En parte porque se contempla que &#8216;o sistema&#8217; v\u00e9nse abaixo e quenes o ti\u00f1an controlado poder\u00e1n ganar m\u00e1is cartos e elecci\u00f3ns, pero non impedir que se contin\u00fae degradando &#8230; Os tempos est\u00e1n a cambiar, a\u00ednda que non se saiba que sair\u00e1 do cambio.<\/p>\n","protected":false},"excerpt":{"rendered":"<p>Catro d\u00edas de campa\u00f1a, contando o presente. E c\u00e1usame curiosidade que hoxe non atope en internet o gr\u00e1fico enquisa da Voz, mentras aparece como nova principal que se van de Galicia t\u00f3dolos meses 2 000 persoas de entre 20 e 34 anos. Onte mesmo coment\u00e1balle por escrito a un amigo que a percepci\u00f3n sobre o [&hellip;]<\/p>\n","protected":false},"author":3,"featured_media":0,"comment_status":"open","ping_status":"closed","sticky":false,"template":"","format":"standard","meta":{"activitypub_content_warning":"","activitypub_content_visibility":"","activitypub_max_image_attachments":3,"activitypub_interaction_policy_quote":"anyone","activitypub_status":"federate","footnotes":""},"categories":[1],"tags":[21,48,9],"class_list":["post-7354","post","type-post","status-publish","format-standard","hentry","category-sen-categoria","tag-economia","tag-eleccions","tag-sociedade"],"_links":{"self":[{"href":"https:\/\/blogs.amarinha.gal\/ribadeando\/wp-json\/wp\/v2\/posts\/7354","targetHints":{"allow":["GET"]}}],"collection":[{"href":"https:\/\/blogs.amarinha.gal\/ribadeando\/wp-json\/wp\/v2\/posts"}],"about":[{"href":"https:\/\/blogs.amarinha.gal\/ribadeando\/wp-json\/wp\/v2\/types\/post"}],"author":[{"embeddable":true,"href":"https:\/\/blogs.amarinha.gal\/ribadeando\/wp-json\/wp\/v2\/users\/3"}],"replies":[{"embeddable":true,"href":"https:\/\/blogs.amarinha.gal\/ribadeando\/wp-json\/wp\/v2\/comments?post=7354"}],"version-history":[{"count":0,"href":"https:\/\/blogs.amarinha.gal\/ribadeando\/wp-json\/wp\/v2\/posts\/7354\/revisions"}],"wp:attachment":[{"href":"https:\/\/blogs.amarinha.gal\/ribadeando\/wp-json\/wp\/v2\/media?parent=7354"}],"wp:term":[{"taxonomy":"category","embeddable":true,"href":"https:\/\/blogs.amarinha.gal\/ribadeando\/wp-json\/wp\/v2\/categories?post=7354"},{"taxonomy":"post_tag","embeddable":true,"href":"https:\/\/blogs.amarinha.gal\/ribadeando\/wp-json\/wp\/v2\/tags?post=7354"}],"curies":[{"name":"wp","href":"https:\/\/api.w.org\/{rel}","templated":true}]}}