{"id":7350,"date":"2012-10-19T08:01:00","date_gmt":"2012-10-19T06:01:00","guid":{"rendered":""},"modified":"2024-11-12T14:26:28","modified_gmt":"2024-11-12T13:26:28","slug":"remate","status":"publish","type":"post","link":"https:\/\/blogs.amarinha.gal\/ribadeando\/2012\/10\/19\/remate\/","title":{"rendered":"Remate"},"content":{"rendered":"<p>Nos partidos de baloncesto hai veces que o bal\u00f3n \u00e9 lanzado, toca o fin de partido e quedan no aire un momento os puntos decisivos, que poden conseguirse ou non, despois de que remate o tempo.<\/p>\n<p>En Galicia, nestas elecci\u00f3ns, dir\u00eda que vai ocorrer algo polo estilo. Hoxe remata a campa\u00f1a para estas elecci\u00f3ns, suxa\/suxas como o Prestige, opacas como as tramas de corrupci\u00f3n, legalmente manipuladas como as m\u00faltiples violaci\u00f3ns do c\u00f3digo electoral denunciadas, mentireiras como contratos asinados que non levan a ningues de momento, &#8230; nosas. Nosas? Iso est\u00e1 por ver. Se ata cun 21% de votantes se pode obter a maior\u00eda absoluta, o de nosas, de todos, coido que queda en entredito.<\/p>\n<p>E a\u00ednda as\u00ed, quedan moitos temas:<\/p>\n<p>Son todos os pol\u00edticos iguais? (algo manido dende hai tempo). Pois non. E, a verdade, non creo que sexa necesaria demostraci\u00f3n.<\/p>\n<p>Hai alg\u00fan que nos poda sacar da crise? Por favor, mesianismos non, participaci\u00f3n! Non, se me refer\u00eda a alg\u00fan partido! Crees que algo partido (e s\u00f3) pode traballar arreo para todos como se necesita?<\/p>\n<p>Hai que votar econom\u00eda? a) o que non hai que votar \u00e9 econos\u00faa. b) se votas econom\u00eda e non sociedade, posiblemente non te\u00f1as ningunha das d\u00faas: o importante \u00e9 a xente, non os cartos (a\u00ednda que queran que creamos que \u00e9 \u00f3 rev\u00e9s). e tam\u00e9n, c) a econom\u00eda constr\u00faese, non se vota<\/p>\n<p>Son tres temas de exemplo, \u00f3s que poder\u00edan seguir moitos m\u00e1is.<\/p>\n<p>Ma\u00f1\u00e1 non fago campa\u00f1a. Continuarei facendo vida, vivindo. Como ata hoxe. E a partir de pasado ma\u00f1\u00e1? Gustar\u00edame dicir &#8216;os galegos diremos&#8217;, pero tal como est\u00e1 o sistema, non sei se saberemos, ou poderemos, ou nos deixar\u00e1n falar. As\u00ed que, sinxelamente, viviremos &#8230;<\/p>\n","protected":false},"excerpt":{"rendered":"<p>Nos partidos de baloncesto hai veces que o bal\u00f3n \u00e9 lanzado, toca o fin de partido e quedan no aire un momento os puntos decisivos, que poden conseguirse ou non, despois de que remate o tempo. En Galicia, nestas elecci\u00f3ns, dir\u00eda que vai ocorrer algo polo estilo. Hoxe remata a campa\u00f1a para estas elecci\u00f3ns, suxa\/suxas [&hellip;]<\/p>\n","protected":false},"author":3,"featured_media":0,"comment_status":"open","ping_status":"closed","sticky":false,"template":"","format":"standard","meta":{"activitypub_content_warning":"","activitypub_content_visibility":"","activitypub_max_image_attachments":3,"activitypub_interaction_policy_quote":"anyone","activitypub_status":"federated","footnotes":""},"categories":[1],"tags":[48,13],"class_list":["post-7350","post","type-post","status-publish","format-standard","hentry","category-sen-categoria","tag-eleccions","tag-politica"],"_links":{"self":[{"href":"https:\/\/blogs.amarinha.gal\/ribadeando\/wp-json\/wp\/v2\/posts\/7350","targetHints":{"allow":["GET"]}}],"collection":[{"href":"https:\/\/blogs.amarinha.gal\/ribadeando\/wp-json\/wp\/v2\/posts"}],"about":[{"href":"https:\/\/blogs.amarinha.gal\/ribadeando\/wp-json\/wp\/v2\/types\/post"}],"author":[{"embeddable":true,"href":"https:\/\/blogs.amarinha.gal\/ribadeando\/wp-json\/wp\/v2\/users\/3"}],"replies":[{"embeddable":true,"href":"https:\/\/blogs.amarinha.gal\/ribadeando\/wp-json\/wp\/v2\/comments?post=7350"}],"version-history":[{"count":0,"href":"https:\/\/blogs.amarinha.gal\/ribadeando\/wp-json\/wp\/v2\/posts\/7350\/revisions"}],"wp:attachment":[{"href":"https:\/\/blogs.amarinha.gal\/ribadeando\/wp-json\/wp\/v2\/media?parent=7350"}],"wp:term":[{"taxonomy":"category","embeddable":true,"href":"https:\/\/blogs.amarinha.gal\/ribadeando\/wp-json\/wp\/v2\/categories?post=7350"},{"taxonomy":"post_tag","embeddable":true,"href":"https:\/\/blogs.amarinha.gal\/ribadeando\/wp-json\/wp\/v2\/tags?post=7350"}],"curies":[{"name":"wp","href":"https:\/\/api.w.org\/{rel}","templated":true}]}}