{"id":7348,"date":"2012-10-21T23:03:00","date_gmt":"2012-10-21T21:03:00","guid":{"rendered":""},"modified":"2024-11-12T14:26:25","modified_gmt":"2024-11-12T13:26:25","slug":"xa-teno-os-resultados","status":"publish","type":"post","link":"https:\/\/blogs.amarinha.gal\/ribadeando\/2012\/10\/21\/xa-teno-os-resultados\/","title":{"rendered":"Xa te\u00f1o os resultados"},"content":{"rendered":"<p>Voltarei a po\u00f1er gr\u00e1ficas e dem\u00e1is, pero agora mesmo, non. Chega coa impresi\u00f3n. Mentras, que forza que tivera votos as pasadas elecci\u00f3ns, coas mesmas siglas, tivo o maior incremento na s\u00faa porcentaxe de votos en Ribadeo?<\/p>\n<p>Resposta: a Falange. Son poucos, pero a resposta \u00e9 isa: de 1 a 10.<\/p>\n<p>E, a nivel Galicia, unha pequena cousa, a falta de contabilizar o 100% dos votos: Se BNG e AGE se tiveran presentado en coalici\u00f3n, e e sumaran os seus votos, o PP non ter\u00eda maior\u00eda absoluta. Sube a abstenci\u00f3n, multipl\u00edcanse os brancos e nulos &#8230; baixa o PP en votos, sube en escanos.<\/p>\n<p>Nota posterior: contabilizados o 100%, a\u00ednda que AGE e BNG sumaran os seus votos, ser\u00eda maior\u00eda absoluta igual, pois o PP sacou m\u00e1is votos que PSOE+AGE+BNG<\/p>\n","protected":false},"excerpt":{"rendered":"<p>Voltarei a po\u00f1er gr\u00e1ficas e dem\u00e1is, pero agora mesmo, non. Chega coa impresi\u00f3n. Mentras, que forza que tivera votos as pasadas elecci\u00f3ns, coas mesmas siglas, tivo o maior incremento na s\u00faa porcentaxe de votos en Ribadeo? Resposta: a Falange. Son poucos, pero a resposta \u00e9 isa: de 1 a 10. E, a nivel Galicia, unha [&hellip;]<\/p>\n","protected":false},"author":3,"featured_media":0,"comment_status":"open","ping_status":"closed","sticky":false,"template":"","format":"standard","meta":{"activitypub_content_warning":"","activitypub_content_visibility":"","activitypub_max_image_attachments":3,"activitypub_interaction_policy_quote":"anyone","activitypub_status":"federated","footnotes":""},"categories":[1],"tags":[48,13],"class_list":["post-7348","post","type-post","status-publish","format-standard","hentry","category-sen-categoria","tag-eleccions","tag-politica"],"_links":{"self":[{"href":"https:\/\/blogs.amarinha.gal\/ribadeando\/wp-json\/wp\/v2\/posts\/7348","targetHints":{"allow":["GET"]}}],"collection":[{"href":"https:\/\/blogs.amarinha.gal\/ribadeando\/wp-json\/wp\/v2\/posts"}],"about":[{"href":"https:\/\/blogs.amarinha.gal\/ribadeando\/wp-json\/wp\/v2\/types\/post"}],"author":[{"embeddable":true,"href":"https:\/\/blogs.amarinha.gal\/ribadeando\/wp-json\/wp\/v2\/users\/3"}],"replies":[{"embeddable":true,"href":"https:\/\/blogs.amarinha.gal\/ribadeando\/wp-json\/wp\/v2\/comments?post=7348"}],"version-history":[{"count":0,"href":"https:\/\/blogs.amarinha.gal\/ribadeando\/wp-json\/wp\/v2\/posts\/7348\/revisions"}],"wp:attachment":[{"href":"https:\/\/blogs.amarinha.gal\/ribadeando\/wp-json\/wp\/v2\/media?parent=7348"}],"wp:term":[{"taxonomy":"category","embeddable":true,"href":"https:\/\/blogs.amarinha.gal\/ribadeando\/wp-json\/wp\/v2\/categories?post=7348"},{"taxonomy":"post_tag","embeddable":true,"href":"https:\/\/blogs.amarinha.gal\/ribadeando\/wp-json\/wp\/v2\/tags?post=7348"}],"curies":[{"name":"wp","href":"https:\/\/api.w.org\/{rel}","templated":true}]}}