{"id":7346,"date":"2012-10-24T08:07:00","date_gmt":"2012-10-24T06:07:00","guid":{"rendered":""},"modified":"2024-11-12T14:26:22","modified_gmt":"2024-11-12T13:26:22","slug":"tras-graficos-para-ribadeo-nas","status":"publish","type":"post","link":"https:\/\/blogs.amarinha.gal\/ribadeando\/2012\/10\/24\/tras-graficos-para-ribadeo-nas\/","title":{"rendered":"Tres gr\u00e1ficos para Ribadeo nas auton\u00f3micas"},"content":{"rendered":"<p><span>&nbsp;&nbsp; &nbsp;<\/span>\u00c1s veces, unha imaxe vale m\u00e1is que mil palabras, din. Hoxe van tres para tentar sacarlle algo m\u00e1is de informaci\u00f3n, que con verbas ser\u00eda longa de contar. Nos tres casos, os gr\u00e1ficos ref\u00edrense \u00e1 relaci\u00f3n entre votaci\u00f3ns auton\u00f3micas 2009 e 2012, cos datos de Ribadeo.<\/p>\n<p><span>&nbsp;&nbsp; &nbsp;<\/span>O primeiro gr\u00e1fico ref\u00edrese non a partidos, sen\u00f3n s\u00f3 \u00f3 tipo de elecci\u00f3n de papeleta. As tres opci\u00f3ns que representan o non votar a partidos medraron. Hai que dicir que o d\u00eda foi bo para sa\u00edr da casa e darse unha volti\u00f1a porlas urnas, e que a xente xa ten m\u00e1is pr\u00e1tica en elecci\u00f3ns que no 2009, polo que o aumento de votos en branco e nulos non pode ser achacado \u00e1 falta de pr\u00e1tica, diminuci\u00f3n de cultura ou despiste.<\/p>\n<p><a href=\"https:\/\/blogger.googleusercontent.com\/img\/b\/R29vZ2xl\/AVvXsEjdfTHZmTEhPMFZw-6bKBA7MGhKU1UBMhqBe-iaNfVsvW_xklBIuulCdMAf7P9G4x5af4qVzh2_rWCnjnAQ2THve3aqXh1PekxlQavDkz-NqeQn6rYlYkhv18eCbbwu2geZ_C5YhA\/s2048\/Autonomicas2012_1.jpg\" style=\"margin-left: 1em; margin-right: 1em;\"><img loading=\"lazy\" decoding=\"async\" height=\"420\" src=\"https:\/\/blogger.googleusercontent.com\/img\/b\/R29vZ2xl\/AVvXsEjdfTHZmTEhPMFZw-6bKBA7MGhKU1UBMhqBe-iaNfVsvW_xklBIuulCdMAf7P9G4x5af4qVzh2_rWCnjnAQ2THve3aqXh1PekxlQavDkz-NqeQn6rYlYkhv18eCbbwu2geZ_C5YhA\/s2048\/Autonomicas2012_1.jpg\" width=\"640\" \/><\/a><\/p>\n<\/p>\n<p><span>&nbsp;&nbsp; &nbsp;<\/span>A segunda implica as opci\u00f3ns m\u00e1is escollidas, inclu\u00edndo xa a partidos (quedan f\u00f3ra os que tiveron menos de 20 votos), \u00f3 igual que o anterior, a representaci\u00f3n \u00e9, en relaci\u00f3n \u00e1 lista da dereita, en sentido contrario \u00e1s agullas do reloxo. Unha pequena aclaraci\u00f3n: no 2009 non se distingue AGE, de tan fino que \u00e9 o lisco, pero est\u00e1 a\u00ed, como EU.<\/p>\n<p><a href=\"https:\/\/blogger.googleusercontent.com\/img\/b\/R29vZ2xl\/AVvXsEj4cD-mKbxoA0cILup758xUvOCmeT_E-AzR38E-z7l0YXTFJJOTf2k1o6iltyq4yMLHZ47G_qn7rWrqvpt0RMO64EPw1CdznavPv7HojT6IW6_3sGO3zJBtWxHyO23c4OWlEhvWzA\/s2048\/Autonomicas2012_4.jpg\" style=\"margin-left: 1em; margin-right: 1em;\"><img loading=\"lazy\" decoding=\"async\" height=\"424\" src=\"https:\/\/blogger.googleusercontent.com\/img\/b\/R29vZ2xl\/AVvXsEj4cD-mKbxoA0cILup758xUvOCmeT_E-AzR38E-z7l0YXTFJJOTf2k1o6iltyq4yMLHZ47G_qn7rWrqvpt0RMO64EPw1CdznavPv7HojT6IW6_3sGO3zJBtWxHyO23c4OWlEhvWzA\/s2048\/Autonomicas2012_4.jpg\" width=\"640\" \/><\/a><\/p>\n<p><span>&nbsp;&nbsp; &nbsp;<\/span>O terceiro gr\u00e1fico tam\u00e9n se lee en sentido contrario das agullas do reloxo, e xa \u00e9 o m\u00e1is tradicional: o que representa os votos \u00f3s partidos m\u00e1is votados (tam\u00e9n, o mesmo que no caso anterior, a partidos con m\u00e1is de 20 votos)<\/p>\n<\/p>\n<p><a href=\"https:\/\/blogger.googleusercontent.com\/img\/b\/R29vZ2xl\/AVvXsEgaGyBi_jLUeHi21wbZXKu9exZQYgkcQa7v5tWCexcU6XNYZNyROQAoIuAkNkZDl8mTmT9LA-DfYWHolU2ZbTZnJAo08vbKOMOYb3g09VzTpbMIiq8WMM1V1-OGodgtoJmb4sc4pw\/s2048\/Autonomicas2012_3.jpg\" style=\"margin-left: 1em; margin-right: 1em;\"><img loading=\"lazy\" decoding=\"async\" height=\"418\" src=\"https:\/\/blogger.googleusercontent.com\/img\/b\/R29vZ2xl\/AVvXsEgaGyBi_jLUeHi21wbZXKu9exZQYgkcQa7v5tWCexcU6XNYZNyROQAoIuAkNkZDl8mTmT9LA-DfYWHolU2ZbTZnJAo08vbKOMOYb3g09VzTpbMIiq8WMM1V1-OGodgtoJmb4sc4pw\/s2048\/Autonomicas2012_3.jpg\" width=\"640\" \/><\/a><\/p>\n<p><span>&nbsp;&nbsp; &nbsp;<\/span>Quedar\u00eda quiz\u00e1is s\u00f3 por explicar que ese Eb que aparece \u00e9 o partido En Branco, que o mesmo que CxG e Hartos, non aparec\u00eda nas anteriores auton\u00f3micas.<\/p>\n<\/p>\n<p>Explicaci\u00f3n? Polo momento, s\u00f3 a elocuencia dos gr\u00e1ficos.<\/p>\n","protected":false},"excerpt":{"rendered":"<p>&nbsp;&nbsp; &nbsp;\u00c1s veces, unha imaxe vale m\u00e1is que mil palabras, din. Hoxe van tres para tentar sacarlle algo m\u00e1is de informaci\u00f3n, que con verbas ser\u00eda longa de contar. Nos tres casos, os gr\u00e1ficos ref\u00edrense \u00e1 relaci\u00f3n entre votaci\u00f3ns auton\u00f3micas 2009 e 2012, cos datos de Ribadeo. &nbsp;&nbsp; &nbsp;O primeiro gr\u00e1fico ref\u00edrese non a partidos, sen\u00f3n [&hellip;]<\/p>\n","protected":false},"author":3,"featured_media":0,"comment_status":"open","ping_status":"closed","sticky":false,"template":"","format":"standard","meta":{"activitypub_content_warning":"","activitypub_content_visibility":"","activitypub_max_image_attachments":3,"activitypub_interaction_policy_quote":"anyone","activitypub_status":"federated","footnotes":""},"categories":[1],"tags":[48,136,13],"class_list":["post-7346","post","type-post","status-publish","format-standard","hentry","category-sen-categoria","tag-eleccions","tag-eleccions-autonomicas-2012","tag-politica"],"_links":{"self":[{"href":"https:\/\/blogs.amarinha.gal\/ribadeando\/wp-json\/wp\/v2\/posts\/7346","targetHints":{"allow":["GET"]}}],"collection":[{"href":"https:\/\/blogs.amarinha.gal\/ribadeando\/wp-json\/wp\/v2\/posts"}],"about":[{"href":"https:\/\/blogs.amarinha.gal\/ribadeando\/wp-json\/wp\/v2\/types\/post"}],"author":[{"embeddable":true,"href":"https:\/\/blogs.amarinha.gal\/ribadeando\/wp-json\/wp\/v2\/users\/3"}],"replies":[{"embeddable":true,"href":"https:\/\/blogs.amarinha.gal\/ribadeando\/wp-json\/wp\/v2\/comments?post=7346"}],"version-history":[{"count":0,"href":"https:\/\/blogs.amarinha.gal\/ribadeando\/wp-json\/wp\/v2\/posts\/7346\/revisions"}],"wp:attachment":[{"href":"https:\/\/blogs.amarinha.gal\/ribadeando\/wp-json\/wp\/v2\/media?parent=7346"}],"wp:term":[{"taxonomy":"category","embeddable":true,"href":"https:\/\/blogs.amarinha.gal\/ribadeando\/wp-json\/wp\/v2\/categories?post=7346"},{"taxonomy":"post_tag","embeddable":true,"href":"https:\/\/blogs.amarinha.gal\/ribadeando\/wp-json\/wp\/v2\/tags?post=7346"}],"curies":[{"name":"wp","href":"https:\/\/api.w.org\/{rel}","templated":true}]}}