{"id":7345,"date":"2012-10-25T07:52:00","date_gmt":"2012-10-25T05:52:00","guid":{"rendered":""},"modified":"2024-11-12T14:26:21","modified_gmt":"2024-11-12T13:26:21","slug":"historia-de-19-anos-de-autonomicas-tres","status":"publish","type":"post","link":"https:\/\/blogs.amarinha.gal\/ribadeando\/2012\/10\/25\/historia-de-19-anos-de-autonomicas-tres\/","title":{"rendered":"Historia de 19 anos de auton\u00f3micas: tres gr\u00e1ficos para Ribadeo nas auton\u00f3micas + 2"},"content":{"rendered":"<p>Misturando os datos destas elecci\u00f3ns cos collidos en <a href=\"http:\/\/www.ige.eu\/igebdt\/esq.jsp?paxina=002001&amp;c=-1&amp;ruta=verEjes.jsp?COD=33&amp;M=&amp;S=&amp;RET=\">http:\/\/www.ige.eu\/igebdt\/esq.jsp?paxina=002001&amp;c=-1&amp;ruta=verEjes.jsp?COD=33&amp;M=&amp;S=&amp;RET=<\/a> de elecci\u00f3ns pasadas, chegamos a cousas semellantes as seguintes, que complementan a entrada de onte, &#8216;<a href=\"http:\/\/ribadeando.blogspot.com.es\/2012\/10\/tras-graficos-para-ribadeo-nas.html\" target=\"_blank\" rel=\"noopener\">Tres gr\u00e1ficos para Ribadeo nas auton\u00f3micas<\/a>&#8216; (na que por certo, variei o segundo gr\u00e1fico para facelo m\u00e1is comprensible):<\/p>\n<p>A primeira das ilustraci\u00f3ns de hoxe aporta unha historia gr\u00e1fica das auton\u00f3micas en Ribadeo dende o 1993 ata hoxe (93\/97\/01\/05\/09\/12), onde se ve que porcentaxe de votos brancos e nulos (azul obscuro) non deixa de medrar, pero f\u00edxoo lentamente ata o 2009. En canto \u00e1 abstenci\u00f3n, cun pequeno altibaixo \u00f3 comezo, mant\u00edvose con moi pouca variaci\u00f3n ata estas, nas que pegou un bote notable. O PP, excepto no 95, vai indefectiblemente perdendo porcentaxe de voto, pero \u00e9 desprezable ata o 2012, e a\u00ednda nestas, a perda \u00e9 moito menor que a que sofren PSOE e BNG (partido que, se agregamos AGE, gana votos e no perde). O PSOE est\u00e1 desinflado, dendo o m\u00e1ximo de 2005. O BNG, menos, co m\u00e1ximo no 2009. Os votos \u00f3s outros partidos tam\u00e9n sufriron unha baixada, se retiramos a AGE, e a\u00ednda as\u00ed, mante\u00f1en o tipo despois de medraren no 2009.<\/p>\n<p><a href=\"https:\/\/blogger.googleusercontent.com\/img\/b\/R29vZ2xl\/AVvXsEisMy1I_8W-Zs0kq0_ewH_rLVv76GoiCqRDl2i0YZ3bMqAXfni5ZF2NXYMVcm2LNp17ByKn8o3z77kKvSEllwDJROBSPOEYTA-IiiypS29ihBYT5HcGmP1vanphJxAe4EJgBI6yfQ\/s2048\/Autonomicas2012_5.jpg\" style=\"margin-left: 1em; margin-right: 1em;\"><img loading=\"lazy\" decoding=\"async\" height=\"420\" src=\"https:\/\/blogger.googleusercontent.com\/img\/b\/R29vZ2xl\/AVvXsEisMy1I_8W-Zs0kq0_ewH_rLVv76GoiCqRDl2i0YZ3bMqAXfni5ZF2NXYMVcm2LNp17ByKn8o3z77kKvSEllwDJROBSPOEYTA-IiiypS29ihBYT5HcGmP1vanphJxAe4EJgBI6yfQ\/s2048\/Autonomicas2012_5.jpg\" width=\"640\" \/><\/a><\/p>\n<p>A segunda ilustraci\u00f3n representa o mesmo doutro xeito, m\u00e1is &#8216;hist\u00f3rico&#8217; e menos relativo en relaci\u00f3n \u00f3 total, pois presenta os n\u00fameros absolutos de votantes de cada elecci\u00f3n, o que enmascara un pouco a porcentaxe o ir medrando o total (excepto nestas \u00faltimas).<\/p>\n<p><a href=\"https:\/\/blogger.googleusercontent.com\/img\/b\/R29vZ2xl\/AVvXsEjMFKu7QNwfD4eko0bOD7sIXH9wjB4TyBgfhCtvQErEBOfzXnr-xTC25n915_iRp9IMz42NLCZaErkwpQ_Rjal-QWE4n_5pnY_7jcwvtloiXooZUDIy81KABZ0oLxiqZ0SiarDU5g\/s2048\/Autonomicas2012_7.jpg\" style=\"margin-left: 1em; margin-right: 1em;\"><img loading=\"lazy\" decoding=\"async\" height=\"336\" src=\"https:\/\/blogger.googleusercontent.com\/img\/b\/R29vZ2xl\/AVvXsEjMFKu7QNwfD4eko0bOD7sIXH9wjB4TyBgfhCtvQErEBOfzXnr-xTC25n915_iRp9IMz42NLCZaErkwpQ_Rjal-QWE4n_5pnY_7jcwvtloiXooZUDIy81KABZ0oLxiqZ0SiarDU5g\/s2048\/Autonomicas2012_7.jpg\" width=\"640\" \/><\/a><\/p>\n<p>Nota: t\u00e1boas correspondentes en <a href=\"http:\/\/ribadeando.blogspot.com.es\/2012\/10\/taboa-de-datos-das-eleccions.html\">T\u00e1boa de datos das elecci\u00f3ns auton\u00f3micas en Ribadeo dende o 1993<\/a><\/p>\n","protected":false},"excerpt":{"rendered":"<p>Misturando os datos destas elecci\u00f3ns cos collidos en http:\/\/www.ige.eu\/igebdt\/esq.jsp?paxina=002001&amp;c=-1&amp;ruta=verEjes.jsp?COD=33&amp;M=&amp;S=&amp;RET= de elecci\u00f3ns pasadas, chegamos a cousas semellantes as seguintes, que complementan a entrada de onte, &#8216;Tres gr\u00e1ficos para Ribadeo nas auton\u00f3micas&#8216; (na que por certo, variei o segundo gr\u00e1fico para facelo m\u00e1is comprensible): A primeira das ilustraci\u00f3ns de hoxe aporta unha historia gr\u00e1fica das auton\u00f3micas en [&hellip;]<\/p>\n","protected":false},"author":3,"featured_media":0,"comment_status":"open","ping_status":"closed","sticky":false,"template":"","format":"standard","meta":{"activitypub_content_warning":"","activitypub_content_visibility":"","activitypub_max_image_attachments":3,"activitypub_interaction_policy_quote":"anyone","activitypub_status":"federated","footnotes":""},"categories":[1],"tags":[48,136,13],"class_list":["post-7345","post","type-post","status-publish","format-standard","hentry","category-sen-categoria","tag-eleccions","tag-eleccions-autonomicas-2012","tag-politica"],"_links":{"self":[{"href":"https:\/\/blogs.amarinha.gal\/ribadeando\/wp-json\/wp\/v2\/posts\/7345","targetHints":{"allow":["GET"]}}],"collection":[{"href":"https:\/\/blogs.amarinha.gal\/ribadeando\/wp-json\/wp\/v2\/posts"}],"about":[{"href":"https:\/\/blogs.amarinha.gal\/ribadeando\/wp-json\/wp\/v2\/types\/post"}],"author":[{"embeddable":true,"href":"https:\/\/blogs.amarinha.gal\/ribadeando\/wp-json\/wp\/v2\/users\/3"}],"replies":[{"embeddable":true,"href":"https:\/\/blogs.amarinha.gal\/ribadeando\/wp-json\/wp\/v2\/comments?post=7345"}],"version-history":[{"count":0,"href":"https:\/\/blogs.amarinha.gal\/ribadeando\/wp-json\/wp\/v2\/posts\/7345\/revisions"}],"wp:attachment":[{"href":"https:\/\/blogs.amarinha.gal\/ribadeando\/wp-json\/wp\/v2\/media?parent=7345"}],"wp:term":[{"taxonomy":"category","embeddable":true,"href":"https:\/\/blogs.amarinha.gal\/ribadeando\/wp-json\/wp\/v2\/categories?post=7345"},{"taxonomy":"post_tag","embeddable":true,"href":"https:\/\/blogs.amarinha.gal\/ribadeando\/wp-json\/wp\/v2\/tags?post=7345"}],"curies":[{"name":"wp","href":"https:\/\/api.w.org\/{rel}","templated":true}]}}