{"id":7344,"date":"2012-10-26T08:02:00","date_gmt":"2012-10-26T06:02:00","guid":{"rendered":""},"modified":"2024-11-12T14:26:19","modified_gmt":"2024-11-12T13:26:19","slug":"manuel-resiste-xose-non-sociedade","status":"publish","type":"post","link":"https:\/\/blogs.amarinha.gal\/ribadeando\/2012\/10\/26\/manuel-resiste-xose-non-sociedade\/","title":{"rendered":"Manuel resiste, Xos\u00e9 non: a sociedade galega est\u00e1 a cambiar"},"content":{"rendered":"<p>Despois dunha semana de ver comentarios sobre resultados, at\u00f3pome de fronte na papeleira o titular a gran tama\u00f1o, principal do luns dun xornal: Feijoo se supera. E decido que hoxe non falo m\u00e1is (diretamente) das elecci\u00f3ns.<\/p>\n<p>Voume \u00f3 <a href=\"http:\/\/www.ige.eu\/\" target=\"_blank\" rel=\"noopener\">ige<\/a> e procuro os nomes das <a href=\"http:\/\/www.ige.eu\/igebdt\/esq.jsp?ruta=verPpalesResultados.jsp?OP=1&amp;B=1&amp;M=&amp;COD=2245&amp;R=5[all]&amp;C=2[all]&amp;F=T[1:0];1:1&amp;S=998:12\" target=\"_blank\" rel=\"noopener\">nenas<\/a> e os <a href=\"http:\/\/www.ige.eu\/igebdt\/esq.jsp?ruta=verPpalesResultados.jsp?OP=1&amp;B=1&amp;M=&amp;COD=2245&amp;R=5[all]&amp;C=2[all]&amp;F=T[1:0];1:0&amp;S=998:12\" target=\"_blank\" rel=\"noopener\">nenos<\/a> que naceron o \u00faltimo ano:<\/p>\n<p><a href=\"https:\/\/blogger.googleusercontent.com\/img\/b\/R29vZ2xl\/AVvXsEg8QeRrDIjt7Er3xdA-e0GqKkxdAMs0f6m0g3pTXpo3KGqV1xVWykYyFWOQP0Q-j-OnGaCccFEUQEjDHRBn2s_5DkUjjhHuJyx-NUDWM_pypG-z2mPbDsSrrs-OFgAbRy7iwSjyAg\/s2048\/nomes1.jpg\" imageanchor=\"1\" style=\"margin-left: 1em; margin-right: 1em;\"><img decoding=\"async\" src=\"https:\/\/blogger.googleusercontent.com\/img\/b\/R29vZ2xl\/AVvXsEg8QeRrDIjt7Er3xdA-e0GqKkxdAMs0f6m0g3pTXpo3KGqV1xVWykYyFWOQP0Q-j-OnGaCccFEUQEjDHRBn2s_5DkUjjhHuJyx-NUDWM_pypG-z2mPbDsSrrs-OFgAbRy7iwSjyAg\/s2048\/nomes1.jpg\" \/><\/a><\/p>\n<p>&nbsp;<a href=\"https:\/\/blogger.googleusercontent.com\/img\/b\/R29vZ2xl\/AVvXsEirL0f7nYD8tRP97jCksq8krdL9Y_ZGBVM2qJ7MLWndROzGAC89elwQEI3keATmJXVR3vmdg-xriEft3eFwkSkvCenfkYJiFsjjq9jVxGhKekPfSubRRLz9en5ksdtBxXdki8vJqw\/s2048\/nomes2.jpg\" imageanchor=\"1\" style=\"margin-left: 1em; margin-right: 1em;\"><img decoding=\"async\" src=\"https:\/\/blogger.googleusercontent.com\/img\/b\/R29vZ2xl\/AVvXsEirL0f7nYD8tRP97jCksq8krdL9Y_ZGBVM2qJ7MLWndROzGAC89elwQEI3keATmJXVR3vmdg-xriEft3eFwkSkvCenfkYJiFsjjq9jVxGhKekPfSubRRLz9en5ksdtBxXdki8vJqw\/s2048\/nomes2.jpg\" \/><\/a><\/p>\n<p>En total, case suman os dous tercios dos nados en 2011. Xos\u00e9 desaparece da lista, e Mar\u00eda queda por detr\u00e1s de Noa ou Carla. Quen se chamaba Izan hai uns anos? En Nerea? Entre Yago e Iago quedan \u00e1 mesma altura que Pablo ou Mateo, a\u00ednda que non lle quitan nin de lonxe a primac\u00eda a Hugo.<\/p>\n<p>Os nomes o indican: a sociedade galega est\u00e1 cambiando. \u00d3 mellor vai m\u00e1is r\u00e1pido nalgunhas cousas que en outras, pero est\u00e1o a facer.<\/p>\n<p>Case ser\u00eda mellor dicir o que vai quedando de sociedade galega. E non me refiro nin \u00e1 lingua nin \u00e1 dispersi\u00f3n rural ou cousas semellantes, sen\u00f3n a que os pouco m\u00e1is de 21 000 nados en Galicia o pasado ano representan un crecemento vexetativo do 0,8%, e se proxectamos iso cara a unha xeraci\u00f3n, sen contar balance migratorio (e agora est\u00e1 outra vez a marchar xente, como lembran os medios con certa frecuencia e sabemos nas familias doutro xeito moito m\u00e1is preto), teremos que a pr\u00f3xima xeraci\u00f3n ter\u00e1 perto da terceira parte de parellas en idade de procrear.<\/p>\n<p>Pode ser ben para o mantemento da Terra, superpoboada e con contaminaci\u00f3n en alza e recursos \u00e1 baixa. Para Galicia, e tam\u00e9n en relaci\u00f3n a outras zonas, a cousa xa var\u00eda. Cambio de sociedade, cambio de mentalidade, &#8230;<\/p>\n","protected":false},"excerpt":{"rendered":"<p>Despois dunha semana de ver comentarios sobre resultados, at\u00f3pome de fronte na papeleira o titular a gran tama\u00f1o, principal do luns dun xornal: Feijoo se supera. E decido que hoxe non falo m\u00e1is (diretamente) das elecci\u00f3ns. Voume \u00f3 ige e procuro os nomes das nenas e os nenos que naceron o \u00faltimo ano: &nbsp; En [&hellip;]<\/p>\n","protected":false},"author":3,"featured_media":0,"comment_status":"open","ping_status":"closed","sticky":false,"template":"","format":"standard","meta":{"activitypub_content_warning":"","activitypub_content_visibility":"","activitypub_max_image_attachments":3,"activitypub_interaction_policy_quote":"anyone","activitypub_status":"federated","footnotes":""},"categories":[1],"tags":[9],"class_list":["post-7344","post","type-post","status-publish","format-standard","hentry","category-sen-categoria","tag-sociedade"],"_links":{"self":[{"href":"https:\/\/blogs.amarinha.gal\/ribadeando\/wp-json\/wp\/v2\/posts\/7344","targetHints":{"allow":["GET"]}}],"collection":[{"href":"https:\/\/blogs.amarinha.gal\/ribadeando\/wp-json\/wp\/v2\/posts"}],"about":[{"href":"https:\/\/blogs.amarinha.gal\/ribadeando\/wp-json\/wp\/v2\/types\/post"}],"author":[{"embeddable":true,"href":"https:\/\/blogs.amarinha.gal\/ribadeando\/wp-json\/wp\/v2\/users\/3"}],"replies":[{"embeddable":true,"href":"https:\/\/blogs.amarinha.gal\/ribadeando\/wp-json\/wp\/v2\/comments?post=7344"}],"version-history":[{"count":0,"href":"https:\/\/blogs.amarinha.gal\/ribadeando\/wp-json\/wp\/v2\/posts\/7344\/revisions"}],"wp:attachment":[{"href":"https:\/\/blogs.amarinha.gal\/ribadeando\/wp-json\/wp\/v2\/media?parent=7344"}],"wp:term":[{"taxonomy":"category","embeddable":true,"href":"https:\/\/blogs.amarinha.gal\/ribadeando\/wp-json\/wp\/v2\/categories?post=7344"},{"taxonomy":"post_tag","embeddable":true,"href":"https:\/\/blogs.amarinha.gal\/ribadeando\/wp-json\/wp\/v2\/tags?post=7344"}],"curies":[{"name":"wp","href":"https:\/\/api.w.org\/{rel}","templated":true}]}}