{"id":7342,"date":"2012-10-27T21:25:00","date_gmt":"2012-10-27T19:25:00","guid":{"rendered":""},"modified":"2024-11-12T14:26:17","modified_gmt":"2024-11-12T13:26:17","slug":"taboa-de-datos-das-eleccions","status":"publish","type":"post","link":"https:\/\/blogs.amarinha.gal\/ribadeando\/2012\/10\/27\/taboa-de-datos-das-eleccions\/","title":{"rendered":"T\u00e1boa de datos das elecci\u00f3ns auton\u00f3micas en Ribadeo dende o 1993"},"content":{"rendered":"<p>A causa dun comentario dun lector do blog, deixo abaixo unha t\u00e1boa de datos, a correspondente \u00f3s principais datos das elecci\u00f3ns auton\u00f3micas en Ribadeo dende o ano 1993, isto \u00e9, as \u00faltimas 6 convocatorias, que corresponden \u00f3s gr\u00e1ficos que puxen en &#8220;<a href=\"http:\/\/ribadeando.blogspot.com.es\/2012\/10\/historia-de-19-anos-de-autonomicas-tres.html\">Historia de 19 anos de auton\u00f3micas: tres gr\u00e1ficos para Ribadeo nas auton\u00f3micas + 2<\/a>&#8220;. Os datos, como apuntei na entrada, son tratados por min a partires do IGE e os resultados electorais publicitados, os anos en orde inversa e as porcentaxes, referidas \u00f3 censo.<\/p>\n<p><a href=\"https:\/\/blogger.googleusercontent.com\/img\/b\/R29vZ2xl\/AVvXsEgphjsFMY7BqT7jDwsrKAYcvakpbFJmuSXI0fnVuhumLnnn0ziT5ohNgKrjB8YwCcs7N3ftJtpj-ax4FhIm8wAxfXw44CMjq3u1XeR1xY2qP4h58eDQRHA4h3jKH480VDnkXJsq1A\/s2048\/t%C3%A1boa+datos+electorais+autonomicas+Ribadeo.jpg\" imageanchor=\"1\" style=\"margin-left: 1em; margin-right: 1em;\"><img loading=\"lazy\" decoding=\"async\" height=\"278\" src=\"https:\/\/blogger.googleusercontent.com\/img\/b\/R29vZ2xl\/AVvXsEgphjsFMY7BqT7jDwsrKAYcvakpbFJmuSXI0fnVuhumLnnn0ziT5ohNgKrjB8YwCcs7N3ftJtpj-ax4FhIm8wAxfXw44CMjq3u1XeR1xY2qP4h58eDQRHA4h3jKH480VDnkXJsq1A\/s2048\/t%C3%A1boa+datos+electorais+autonomicas+Ribadeo.jpg\" width=\"640\" \/><\/a><\/p>\n<p>Quiz\u00e1is as\u00ed se ve m\u00e1is claro por exemplo que&nbsp; o PP baixou en porcentaxe en cada elecci\u00f3n dende o 97, a\u00ednda que en votantes logrou mantelos no 2009 respecto \u00e1 anterior, super\u00e1ndoa por 52 votos. Tam\u00e9n se ve a &#8216;monta\u00f1a rusa&#8217; do PSOE e a relativa estabilidade do BNG (se consideramos nestas \u00faltimas o conxunto BNG+AGE, a\u00ednda aumentou), con tendencia a aumentar dende que o actual alcalde \u00e9 o xefe de filas en Ribadeo.<\/p>\n<p>A porcentaxe de votos a partidos baixa dende o 97 de xeito inexorable, a\u00ednda que o n\u00famero total aumentara uns poucos votos no 2009 respecto \u00f3 2005, subindo o de votos brancos e nulos, e tendo en consecuencia do antes dito un forte repunte a abstenci\u00f3n nestas \u00faltimas elecci\u00f3ns auton\u00f3micas.<\/p>\n<p>En canto a outras candidaturas, a porcentaxe obtido \u00e9 o segundo m\u00e1is alto, pero o primeiro foi no 2009. Est\u00e1 claro: se hai un &#8216;efecto Syriza&#8217;, \u00e9 reducido a AGE.<\/p>\n","protected":false},"excerpt":{"rendered":"<p>A causa dun comentario dun lector do blog, deixo abaixo unha t\u00e1boa de datos, a correspondente \u00f3s principais datos das elecci\u00f3ns auton\u00f3micas en Ribadeo dende o ano 1993, isto \u00e9, as \u00faltimas 6 convocatorias, que corresponden \u00f3s gr\u00e1ficos que puxen en &#8220;Historia de 19 anos de auton\u00f3micas: tres gr\u00e1ficos para Ribadeo nas auton\u00f3micas + 2&#8220;. [&hellip;]<\/p>\n","protected":false},"author":3,"featured_media":0,"comment_status":"open","ping_status":"closed","sticky":false,"template":"","format":"standard","meta":{"activitypub_content_warning":"","activitypub_content_visibility":"","activitypub_max_image_attachments":3,"activitypub_interaction_policy_quote":"anyone","activitypub_status":"federated","footnotes":""},"categories":[1],"tags":[48,13],"class_list":["post-7342","post","type-post","status-publish","format-standard","hentry","category-sen-categoria","tag-eleccions","tag-politica"],"_links":{"self":[{"href":"https:\/\/blogs.amarinha.gal\/ribadeando\/wp-json\/wp\/v2\/posts\/7342","targetHints":{"allow":["GET"]}}],"collection":[{"href":"https:\/\/blogs.amarinha.gal\/ribadeando\/wp-json\/wp\/v2\/posts"}],"about":[{"href":"https:\/\/blogs.amarinha.gal\/ribadeando\/wp-json\/wp\/v2\/types\/post"}],"author":[{"embeddable":true,"href":"https:\/\/blogs.amarinha.gal\/ribadeando\/wp-json\/wp\/v2\/users\/3"}],"replies":[{"embeddable":true,"href":"https:\/\/blogs.amarinha.gal\/ribadeando\/wp-json\/wp\/v2\/comments?post=7342"}],"version-history":[{"count":0,"href":"https:\/\/blogs.amarinha.gal\/ribadeando\/wp-json\/wp\/v2\/posts\/7342\/revisions"}],"wp:attachment":[{"href":"https:\/\/blogs.amarinha.gal\/ribadeando\/wp-json\/wp\/v2\/media?parent=7342"}],"wp:term":[{"taxonomy":"category","embeddable":true,"href":"https:\/\/blogs.amarinha.gal\/ribadeando\/wp-json\/wp\/v2\/categories?post=7342"},{"taxonomy":"post_tag","embeddable":true,"href":"https:\/\/blogs.amarinha.gal\/ribadeando\/wp-json\/wp\/v2\/tags?post=7342"}],"curies":[{"name":"wp","href":"https:\/\/api.w.org\/{rel}","templated":true}]}}