{"id":7341,"date":"2012-10-29T07:59:00","date_gmt":"2012-10-29T06:59:00","guid":{"rendered":""},"modified":"2024-11-12T14:26:10","modified_gmt":"2024-11-12T13:26:10","slug":"a-marina-como-mercado","status":"publish","type":"post","link":"https:\/\/blogs.amarinha.gal\/ribadeando\/2012\/10\/29\/a-marina-como-mercado\/","title":{"rendered":"A Mari\u00f1a como mercado"},"content":{"rendered":"<p>A pol\u00edtica como mercado ten diversas facetas. algunha, xa &#8216;cl\u00e1sica&#8217; por estes lares, como por exemplo, o mercadeo de votos nas elecci\u00f3ns. Visto dende outro punto de vista, dende hai tempo considero o episodio dos mercaderes no templo un dos m\u00e1is impactantes da biblia: nel Xes\u00fas bota dal\u00ed \u00e1 xente que fac\u00eda negocio coa fe. Algo que \u00e9 doado trasladar no mundo de hoxe \u00e1 pol\u00edtica. Non obstante, a causa da entrada de hoxe non \u00e9 unha das d\u00faas acepci\u00f3ns anteriores, ambas sangrantes para o sistema sociopol\u00edtico actual, sen\u00f3n un caso que se deu hai pouco: o falar do presidente asturiano de estreitar m\u00e1is lazon coa Mari\u00f1a porque era (\u00e9) un mercado para as empresas asturianas.<br \/>\nAlgo normal, nun tempo en que nos po\u00f1en a el Rei como o m\u00e1ximo por defender os intereses econ\u00f3micos espa\u00f1ois (ent\u00e9ndese de xeito preferente &#8216;os grandes&#8217; intereses, os intereses dos grandes) \u00f3 longo e ancho do mundo, inclu\u00edda nesa defensa a &#8216;marca Espa\u00f1a&#8217;, cun sesgo como se de empresa se tratara.<br \/>\nMais, o interese no caso do asturiano retrotraeume a outro campo: o do colonialismo. Na historia de conquista e colonizaci\u00f3n, a base do interese en facelo pasou dunhas a outras causas, mantendo da base do poder sobre as persoas, para acadar maior poder guerreiro, ou de materias primas, ou de mercado, ou &#8230; Na actualidade, coido que o colonialismo \u00e9 m\u00e1is ben de mercado, pasando de ser sim\u00e9trico a patentemente asim\u00e9trico entre as partes (o caso da China vendendo todo tipo de produtos en grandes cantidades pero onde occidente mant\u00e9n en ventaxa nichos de mercado concretos polo momento est\u00e1 dando moito que falar dende algo m\u00e1is dunha d\u00e9cada). E, se po\u00f1emos as verbas o presidente asutriano interes\u00e1ndose pola zona como mercado en esa perspectiva, non deixan de molestar.<br \/>\nClaro est\u00e1 que deben considerarse dun xeito m\u00e1is amplo, non?<\/p>\n","protected":false},"excerpt":{"rendered":"<p>A pol\u00edtica como mercado ten diversas facetas. algunha, xa &#8216;cl\u00e1sica&#8217; por estes lares, como por exemplo, o mercadeo de votos nas elecci\u00f3ns. Visto dende outro punto de vista, dende hai tempo considero o episodio dos mercaderes no templo un dos m\u00e1is impactantes da biblia: nel Xes\u00fas bota dal\u00ed \u00e1 xente que fac\u00eda negocio coa fe. [&hellip;]<\/p>\n","protected":false},"author":3,"featured_media":0,"comment_status":"open","ping_status":"closed","sticky":false,"template":"","format":"standard","meta":{"activitypub_content_warning":"","activitypub_content_visibility":"","activitypub_max_image_attachments":3,"activitypub_interaction_policy_quote":"anyone","activitypub_status":"federate","footnotes":""},"categories":[1],"tags":[13],"class_list":["post-7341","post","type-post","status-publish","format-standard","hentry","category-sen-categoria","tag-politica"],"_links":{"self":[{"href":"https:\/\/blogs.amarinha.gal\/ribadeando\/wp-json\/wp\/v2\/posts\/7341","targetHints":{"allow":["GET"]}}],"collection":[{"href":"https:\/\/blogs.amarinha.gal\/ribadeando\/wp-json\/wp\/v2\/posts"}],"about":[{"href":"https:\/\/blogs.amarinha.gal\/ribadeando\/wp-json\/wp\/v2\/types\/post"}],"author":[{"embeddable":true,"href":"https:\/\/blogs.amarinha.gal\/ribadeando\/wp-json\/wp\/v2\/users\/3"}],"replies":[{"embeddable":true,"href":"https:\/\/blogs.amarinha.gal\/ribadeando\/wp-json\/wp\/v2\/comments?post=7341"}],"version-history":[{"count":0,"href":"https:\/\/blogs.amarinha.gal\/ribadeando\/wp-json\/wp\/v2\/posts\/7341\/revisions"}],"wp:attachment":[{"href":"https:\/\/blogs.amarinha.gal\/ribadeando\/wp-json\/wp\/v2\/media?parent=7341"}],"wp:term":[{"taxonomy":"category","embeddable":true,"href":"https:\/\/blogs.amarinha.gal\/ribadeando\/wp-json\/wp\/v2\/categories?post=7341"},{"taxonomy":"post_tag","embeddable":true,"href":"https:\/\/blogs.amarinha.gal\/ribadeando\/wp-json\/wp\/v2\/tags?post=7341"}],"curies":[{"name":"wp","href":"https:\/\/api.w.org\/{rel}","templated":true}]}}