{"id":7323,"date":"2012-11-17T18:05:00","date_gmt":"2012-11-17T17:05:00","guid":{"rendered":""},"modified":"2024-11-12T14:25:39","modified_gmt":"2024-11-12T13:25:39","slug":"o-dia","status":"publish","type":"post","link":"https:\/\/blogs.amarinha.gal\/ribadeando\/2012\/11\/17\/o-dia\/","title":{"rendered":"\u00d3 d\u00eda"},"content":{"rendered":"<p>Luns, pleno no concello \u00e1s 20 horas. Temas a tratar? S\u00e1bese de que non vai haber aumento de impostos, que interesou publicitar. Pero non m\u00e1is.<\/p>\n<p>Apertura, claridade, informaci\u00f3n, contacto, &#8230; Cando se pediu un regulamento de participaci\u00f3n cidad\u00e1 (sen contestaci\u00f3n polo concello), se propuxo (sen atenci\u00f3n), se propuxeron cambios \u00f3 proposto polo concello (sen consideraci\u00f3n), foi aprobado previo e disecado en varias publicaci\u00f3ns por min mesmo, present\u00e1ronse alegaci\u00f3ns (&#8230; e ata agora) &#8230; por algo foi.<\/p>\n<p>As\u00ed pois, estamos \u00f3 d\u00eda. A d\u00eda de que, iso non se sabe: o de goberno aberto chega aqu\u00ed de xeito demasiado intermitente.<\/p>\n<p>Unha nota: onde a participaci\u00f3n na <a href=\"http:\/\/ribadeo.org\/\" target=\"_blank\" rel=\"noopener\">p\u00e1xina do concello<\/a>?<\/p>\n","protected":false},"excerpt":{"rendered":"<p>Luns, pleno no concello \u00e1s 20 horas. Temas a tratar? S\u00e1bese de que non vai haber aumento de impostos, que interesou publicitar. Pero non m\u00e1is. Apertura, claridade, informaci\u00f3n, contacto, &#8230; Cando se pediu un regulamento de participaci\u00f3n cidad\u00e1 (sen contestaci\u00f3n polo concello), se propuxo (sen atenci\u00f3n), se propuxeron cambios \u00f3 proposto polo concello (sen consideraci\u00f3n), [&hellip;]<\/p>\n","protected":false},"author":3,"featured_media":0,"comment_status":"open","ping_status":"closed","sticky":false,"template":"","format":"standard","meta":{"activitypub_content_warning":"","activitypub_content_visibility":"","activitypub_max_image_attachments":3,"activitypub_interaction_policy_quote":"anyone","activitypub_status":"federated","footnotes":""},"categories":[1],"tags":[42,13,9],"class_list":["post-7323","post","type-post","status-publish","format-standard","hentry","category-sen-categoria","tag-plenos","tag-politica","tag-sociedade"],"_links":{"self":[{"href":"https:\/\/blogs.amarinha.gal\/ribadeando\/wp-json\/wp\/v2\/posts\/7323","targetHints":{"allow":["GET"]}}],"collection":[{"href":"https:\/\/blogs.amarinha.gal\/ribadeando\/wp-json\/wp\/v2\/posts"}],"about":[{"href":"https:\/\/blogs.amarinha.gal\/ribadeando\/wp-json\/wp\/v2\/types\/post"}],"author":[{"embeddable":true,"href":"https:\/\/blogs.amarinha.gal\/ribadeando\/wp-json\/wp\/v2\/users\/3"}],"replies":[{"embeddable":true,"href":"https:\/\/blogs.amarinha.gal\/ribadeando\/wp-json\/wp\/v2\/comments?post=7323"}],"version-history":[{"count":0,"href":"https:\/\/blogs.amarinha.gal\/ribadeando\/wp-json\/wp\/v2\/posts\/7323\/revisions"}],"wp:attachment":[{"href":"https:\/\/blogs.amarinha.gal\/ribadeando\/wp-json\/wp\/v2\/media?parent=7323"}],"wp:term":[{"taxonomy":"category","embeddable":true,"href":"https:\/\/blogs.amarinha.gal\/ribadeando\/wp-json\/wp\/v2\/categories?post=7323"},{"taxonomy":"post_tag","embeddable":true,"href":"https:\/\/blogs.amarinha.gal\/ribadeando\/wp-json\/wp\/v2\/tags?post=7323"}],"curies":[{"name":"wp","href":"https:\/\/api.w.org\/{rel}","templated":true}]}}