{"id":7319,"date":"2012-11-20T07:43:00","date_gmt":"2012-11-20T06:43:00","guid":{"rendered":""},"modified":"2024-11-12T14:25:27","modified_gmt":"2024-11-12T13:25:27","slug":"que-hubiera-ocurrido-si-no-hubieramos","status":"publish","type":"post","link":"https:\/\/blogs.amarinha.gal\/ribadeando\/2012\/11\/20\/que-hubiera-ocurrido-si-no-hubieramos\/","title":{"rendered":"\u00bfQu\u00e9 hubiera ocurrido si no hubi\u00e9ramos tomado las medidas? 1 ano de marcas."},"content":{"rendered":"<p><a href=\"http:\/\/www.lavozdegalicia.es\/noticia\/espana\/2012\/11\/20\/ano-despues-triunfo-rajoy-dice-peor-pasado\/0003_201211G20P2991.htm\" target=\"_blank\" rel=\"noopener\">Verbas, segundo os medios, de Rajoy<\/a>. E se resulta que o punto no que estamos precisamente \u00e9 porque se tomaron isas medias?<\/p>\n<p>Poderiase acadar maior desconfianza da xente despois de negar en menos de 12 meses todo o que afirmaba antes?<\/p>\n<p>L\u00e9vanse doce meses batindo marcas de insolidaridade co pobo, obscurantismo, entrega do com\u00fan a quen xa ti\u00f1a poder antes, trabas \u00e1 xustiza, \u00e1 sanidade, \u00f3 ensino, corrupci\u00f3n, &#8230; e propaganda. As\u00ed se logra que todas esas marcas non pasen unha factura electoral devastadora.<\/p>\n","protected":false},"excerpt":{"rendered":"<p>Verbas, segundo os medios, de Rajoy. E se resulta que o punto no que estamos precisamente \u00e9 porque se tomaron isas medias? Poderiase acadar maior desconfianza da xente despois de negar en menos de 12 meses todo o que afirmaba antes? L\u00e9vanse doce meses batindo marcas de insolidaridade co pobo, obscurantismo, entrega do com\u00fan a [&hellip;]<\/p>\n","protected":false},"author":3,"featured_media":0,"comment_status":"open","ping_status":"closed","sticky":false,"template":"","format":"standard","meta":{"activitypub_content_warning":"","activitypub_content_visibility":"","activitypub_max_image_attachments":3,"activitypub_interaction_policy_quote":"anyone","activitypub_status":"federate","footnotes":""},"categories":[1],"tags":[13],"class_list":["post-7319","post","type-post","status-publish","format-standard","hentry","category-sen-categoria","tag-politica"],"_links":{"self":[{"href":"https:\/\/blogs.amarinha.gal\/ribadeando\/wp-json\/wp\/v2\/posts\/7319","targetHints":{"allow":["GET"]}}],"collection":[{"href":"https:\/\/blogs.amarinha.gal\/ribadeando\/wp-json\/wp\/v2\/posts"}],"about":[{"href":"https:\/\/blogs.amarinha.gal\/ribadeando\/wp-json\/wp\/v2\/types\/post"}],"author":[{"embeddable":true,"href":"https:\/\/blogs.amarinha.gal\/ribadeando\/wp-json\/wp\/v2\/users\/3"}],"replies":[{"embeddable":true,"href":"https:\/\/blogs.amarinha.gal\/ribadeando\/wp-json\/wp\/v2\/comments?post=7319"}],"version-history":[{"count":0,"href":"https:\/\/blogs.amarinha.gal\/ribadeando\/wp-json\/wp\/v2\/posts\/7319\/revisions"}],"wp:attachment":[{"href":"https:\/\/blogs.amarinha.gal\/ribadeando\/wp-json\/wp\/v2\/media?parent=7319"}],"wp:term":[{"taxonomy":"category","embeddable":true,"href":"https:\/\/blogs.amarinha.gal\/ribadeando\/wp-json\/wp\/v2\/categories?post=7319"},{"taxonomy":"post_tag","embeddable":true,"href":"https:\/\/blogs.amarinha.gal\/ribadeando\/wp-json\/wp\/v2\/tags?post=7319"}],"curies":[{"name":"wp","href":"https:\/\/api.w.org\/{rel}","templated":true}]}}