{"id":7317,"date":"2012-11-26T07:48:00","date_gmt":"2012-11-26T06:48:00","guid":{"rendered":""},"modified":"2024-11-12T14:25:24","modified_gmt":"2024-11-12T13:25:24","slug":"mirandonos-no-espello-das-eleccions","status":"publish","type":"post","link":"https:\/\/blogs.amarinha.gal\/ribadeando\/2012\/11\/26\/mirandonos-no-espello-das-eleccions\/","title":{"rendered":"Mir\u00e1ndonos no espello das elecci\u00f3ns catalanas"},"content":{"rendered":"<p>Pero, poden servir as elecci\u00f3ns catalanas en Galicia de espello, comparaci\u00f3n ou &#8216;algo&#8217;? Certamente, non se dir\u00eda polos resultados, a participaci\u00f3n ou mesmo a fase de crise (din) na que se atopa cada comunidade. Non, as elecci\u00f3ns catalanas non son un espello onde mirarnos sen distorsi\u00f3n. E m\u00e1is hai un factor que poder\u00eda facelo posible: a emigraci\u00f3n. Que votou o importante continxente de galegos que atopou en Catalu\u00f1a o seu fogar? Que votar\u00eda no caso de facelo en Galicia? Que visi\u00f3n te\u00f1en de independentismo, separatismo, federalismo nunha e outra autonom\u00eda? E, por outra banda, en que infl\u00faen na vida en Galicia?<\/p>\n<p>Est\u00e1 claro que os catal\u00e1ns de moitas xeraci\u00f3ns vense acompa\u00f1ados nunha zona que recibiu xente de aluvi\u00f3n dende hai tempo dun tecido social de inmigrantes de segunda xeraci\u00f3n e de primeira, ou de vairas xeraci\u00f3ns que xa non lembran as s\u00faas ra\u00edces f\u00f3ra de catalu\u00f1a. Que todos foron chamados a votar. E que entre todos construiron o resultado electoral de onte, cunha textura de partidos diferente \u00f3 resto de Espa\u00f1a polo nome e a s\u00faa relaci\u00f3n co conxunto hispano, pero non tanto pola ideolox\u00eda que tradicionalmente se asigna co criterio &#8216;esquerda e dereita&#8217;.<\/p>\n<p>Non creo que haxa estudos para contestar \u00e1s preguntas que prantexo dun xeito fidedigno: o mesmo concepto de emigraci\u00f3n que prantexo sinxelamente establece un gradiente cont\u00ednuo de catalanidade na emigraci\u00f3n que nalgures hai que cortar. Nalgures non definido por unha soa variable como o tempo que leva a familia en Catalu\u00f1a&#8230;<\/p>\n<p>Mais, ent\u00f3n, non poder\u00edan servir as elecci\u00f3ns catalanas m\u00e1is que para o t\u00edpico &#8216;ganamos n\u00f3s&#8217; que invocan por diversas causas unha serie de partidos despois dunhas elecci\u00f3ns?<\/p>\n","protected":false},"excerpt":{"rendered":"<p>Pero, poden servir as elecci\u00f3ns catalanas en Galicia de espello, comparaci\u00f3n ou &#8216;algo&#8217;? Certamente, non se dir\u00eda polos resultados, a participaci\u00f3n ou mesmo a fase de crise (din) na que se atopa cada comunidade. Non, as elecci\u00f3ns catalanas non son un espello onde mirarnos sen distorsi\u00f3n. E m\u00e1is hai un factor que poder\u00eda facelo posible: [&hellip;]<\/p>\n","protected":false},"author":3,"featured_media":0,"comment_status":"open","ping_status":"closed","sticky":false,"template":"","format":"standard","meta":{"activitypub_content_warning":"","activitypub_content_visibility":"","activitypub_max_image_attachments":3,"activitypub_interaction_policy_quote":"anyone","activitypub_status":"federate","footnotes":""},"categories":[1],"tags":[13],"class_list":["post-7317","post","type-post","status-publish","format-standard","hentry","category-sen-categoria","tag-politica"],"_links":{"self":[{"href":"https:\/\/blogs.amarinha.gal\/ribadeando\/wp-json\/wp\/v2\/posts\/7317","targetHints":{"allow":["GET"]}}],"collection":[{"href":"https:\/\/blogs.amarinha.gal\/ribadeando\/wp-json\/wp\/v2\/posts"}],"about":[{"href":"https:\/\/blogs.amarinha.gal\/ribadeando\/wp-json\/wp\/v2\/types\/post"}],"author":[{"embeddable":true,"href":"https:\/\/blogs.amarinha.gal\/ribadeando\/wp-json\/wp\/v2\/users\/3"}],"replies":[{"embeddable":true,"href":"https:\/\/blogs.amarinha.gal\/ribadeando\/wp-json\/wp\/v2\/comments?post=7317"}],"version-history":[{"count":0,"href":"https:\/\/blogs.amarinha.gal\/ribadeando\/wp-json\/wp\/v2\/posts\/7317\/revisions"}],"wp:attachment":[{"href":"https:\/\/blogs.amarinha.gal\/ribadeando\/wp-json\/wp\/v2\/media?parent=7317"}],"wp:term":[{"taxonomy":"category","embeddable":true,"href":"https:\/\/blogs.amarinha.gal\/ribadeando\/wp-json\/wp\/v2\/categories?post=7317"},{"taxonomy":"post_tag","embeddable":true,"href":"https:\/\/blogs.amarinha.gal\/ribadeando\/wp-json\/wp\/v2\/tags?post=7317"}],"curies":[{"name":"wp","href":"https:\/\/api.w.org\/{rel}","templated":true}]}}