{"id":7299,"date":"2012-12-13T07:55:00","date_gmt":"2012-12-13T06:55:00","guid":{"rendered":""},"modified":"2024-11-12T14:24:50","modified_gmt":"2024-11-12T13:24:50","slug":"repartir-dor","status":"publish","type":"post","link":"https:\/\/blogs.amarinha.gal\/ribadeando\/2012\/12\/13\/repartir-dor\/","title":{"rendered":"Repartir dor"},"content":{"rendered":"<p><a href=\"http:\/\/www.publico.es\/espana\/447279\/gallardon-gobernar-a-veces-es-repartir-dolor\" target=\"_blank\" rel=\"noopener\">Gobernar, \u00e1s veces, \u00e9 repartir dor<\/a>. Gallard\u00f3n, Ministro de Xustiza, dixit. Quiz\u00e1is se se fixera xustiza no reparto, o goberno poder\u00eda ser bo. Se se reparte dor inxustamente, non.<\/p>\n<p>Ter\u00e1 que ver o anterior comentario ministerial, por exemplo, con que o Goberno te\u00f1a ordeado \u00e1 Guardia Civil que lle diga a que pol\u00edticos est\u00e1 investigando ou cos levantamentos de penas discrecionais do mesmo Goberno? Con po\u00f1er atrancos \u00f3 co\u00f1ecemento p\u00fablico das acci\u00f3ns administrativas? Con eximir de impostos \u00e1 igrexa ou po\u00f1erllos \u00f3 1% \u00e1s grandes fortunas, ou perdoar as triqui\u00f1uelas pasadas \u00f3s mesmos mentras sube o ive de xeito indiscriminado? Quiz\u00e1is te\u00f1a que ver coa petici\u00f3n de apretarse o cinto mentras os pol\u00edticos electos votan que sexa obrigado para eles viaxar en clase selecta a costa do erario p\u00fablico? Quiz\u00e1is cas rebaixas de soldos \u00f3s funcionarios, perseguindo mesmo \u00e1s instituci\u00f3ns que tentan resistirse, mentras os deputados aprazan a s\u00faa plicaci\u00f3n a eles mesmos? Ou cos atrancos para protestar xudicialmente por diversas v\u00edas, como o aumento de taxas mesmo por riba dos potenciais beneficios que poidera traer unha decisi\u00f3n xudicial favorable? Con impor taxas elevadas de matr\u00edcula \u00f3s estudantes ou repagos sanitarios? Con agasallar a determinados bancos con cartos de todos?<\/p>\n<p>Est\u00e1 visto, repartir dor dese xeito non \u00e9 gobernar, \u00e9 sadismo. Independentemente de quen o faga, a\u00ednda que neste momento, est\u00e1 claro quen.<\/p>\n","protected":false},"excerpt":{"rendered":"<p>Gobernar, \u00e1s veces, \u00e9 repartir dor. Gallard\u00f3n, Ministro de Xustiza, dixit. Quiz\u00e1is se se fixera xustiza no reparto, o goberno poder\u00eda ser bo. Se se reparte dor inxustamente, non. Ter\u00e1 que ver o anterior comentario ministerial, por exemplo, con que o Goberno te\u00f1a ordeado \u00e1 Guardia Civil que lle diga a que pol\u00edticos est\u00e1 investigando [&hellip;]<\/p>\n","protected":false},"author":3,"featured_media":0,"comment_status":"open","ping_status":"closed","sticky":false,"template":"","format":"standard","meta":{"activitypub_content_warning":"","activitypub_content_visibility":"","activitypub_max_image_attachments":3,"activitypub_interaction_policy_quote":"anyone","activitypub_status":"federate","footnotes":""},"categories":[1],"tags":[32],"class_list":["post-7299","post","type-post","status-publish","format-standard","hentry","category-sen-categoria","tag-filosofia"],"_links":{"self":[{"href":"https:\/\/blogs.amarinha.gal\/ribadeando\/wp-json\/wp\/v2\/posts\/7299","targetHints":{"allow":["GET"]}}],"collection":[{"href":"https:\/\/blogs.amarinha.gal\/ribadeando\/wp-json\/wp\/v2\/posts"}],"about":[{"href":"https:\/\/blogs.amarinha.gal\/ribadeando\/wp-json\/wp\/v2\/types\/post"}],"author":[{"embeddable":true,"href":"https:\/\/blogs.amarinha.gal\/ribadeando\/wp-json\/wp\/v2\/users\/3"}],"replies":[{"embeddable":true,"href":"https:\/\/blogs.amarinha.gal\/ribadeando\/wp-json\/wp\/v2\/comments?post=7299"}],"version-history":[{"count":0,"href":"https:\/\/blogs.amarinha.gal\/ribadeando\/wp-json\/wp\/v2\/posts\/7299\/revisions"}],"wp:attachment":[{"href":"https:\/\/blogs.amarinha.gal\/ribadeando\/wp-json\/wp\/v2\/media?parent=7299"}],"wp:term":[{"taxonomy":"category","embeddable":true,"href":"https:\/\/blogs.amarinha.gal\/ribadeando\/wp-json\/wp\/v2\/categories?post=7299"},{"taxonomy":"post_tag","embeddable":true,"href":"https:\/\/blogs.amarinha.gal\/ribadeando\/wp-json\/wp\/v2\/tags?post=7299"}],"curies":[{"name":"wp","href":"https:\/\/api.w.org\/{rel}","templated":true}]}}